{"id":1168,"date":"2024-10-10T07:41:57","date_gmt":"2024-10-10T07:41:57","guid":{"rendered":"https:\/\/yerelses.com.tr\/?p=1168"},"modified":"2024-10-10T07:58:51","modified_gmt":"2024-10-10T07:58:51","slug":"yildizspor-45-fkdan-bir-hamle-daha-mehmet-yigit-durhan-imzayi-atti","status":"publish","type":"post","link":"https:\/\/yerelses.com.tr\/?p=1168","title":{"rendered":"Y\u0131ld\u0131zspor 45 FK\u2019dan bir hamle daha\u2026 Mehmet Yi\u011fit Durhan imzay\u0131 att\u0131"},"content":{"rendered":"<div class=\"container\" style=\"text-align: center;\">\n<h2 class=\"lead text-lg-start text-dark my-2 description\">S\u00fcper Amat\u00f6r K\u00fcme ekibi Y\u0131ld\u0131zspor 45 Futbol Kul\u00fcb\u00fc, d\u0131\u015f transferde Ba\u011flumspor\u2019dan bek oyuncusu Mehmet Yi\u011fit Durhan ile s\u00f6zle\u015fme imzalad\u0131.<\/h2>\n<div class=\"news-tags\"><\/div>\n<\/div>\n<div class=\"bg-light py-1\" style=\"text-align: center;\">\n<div class=\"container d-flex justify-content-between align-items-center\">\n<div class=\"meta-author\">\n<div class=\"box\">\n<h3>D\u00fczenlenen imza t\u00f6renine Onursal Ba\u015fkan Erhan Y\u0131ld\u0131z, Kul\u00fcp Ba\u015fkan H\u00fcseyin Bezci ve Sportif Direkt\u00f6r B\u00fclent G\u00f6kkaya kat\u0131ld\u0131.<\/h3>\n<h3>Yeni sezona iddial\u0131 bir \u015fekilde girmek isteyen ve transfer \u00e7al\u0131\u015fmalar\u0131na aral\u0131ks\u0131z devam eden Y\u0131ld\u0131zspor 45 Futbol Kul\u00fcb\u00fc, ge\u00e7ti\u011fimiz sezon Ba\u011flumspor formas\u0131 giyen Mehmet Yi\u011fit Durhan ile s\u00f6zle\u015fme imzalad\u0131. Yeni Mahalle Belediyespor\u2019da kariyerine ba\u015flayan Mehmet Yi\u011fit Durhan, Ba\u015fkent Eda\u015fspor, Ankara DS\u0130, Ak\u015fehirspor, K\u00fc\u00e7\u00fck\u00e7ekmece Sinop Spor Kul\u00fcb\u00fc, Kepez ve Ke\u00e7i\u00f6ren Belediyesi Ba\u011flumspor formalar\u0131 giydi.<\/h3>\n<h3>23 ya\u015f\u0131ndaki bek oyuncusu Mehmet Yi\u011fit Durhan, \u201cHedefim bu sezon iyi bir performans sergileyerek Y\u0131ld\u0131zspor formas\u0131 alt\u0131nda ba\u015far\u0131l\u0131 bir sezon ge\u00e7irebilmek. 2024-2025 sezonunun hem kendim hem de Y\u0131ld\u0131zspor i\u00e7in iyi ge\u00e7mesi i\u00e7in m\u00fccadele edece\u011fim. Hay\u0131rl\u0131s\u0131 olsun ve transferimde eme\u011fi ge\u00e7enlere te\u015fekk\u00fcr ediyorum\u201d dedi.<\/h3>\n<\/div>\n<h3>Kul\u00fcp Ba\u015fkan\u0131 H\u00fcseyin Bezci ise, transferleri k\u0131sa s\u00fcre i\u00e7erisinde noktalamak istediklerini belirterek, \u201cYeni sezonun ba\u015flamas\u0131na art\u0131k say\u0131l\u0131 g\u00fcnler kald\u0131. Transferlerimizi tamamlay\u0131p, oyuncular\u0131m\u0131z\u0131n tak\u0131m\u0131m\u0131za biran \u00f6nce kat\u0131lmas\u0131n\u0131 istiyoruz. Birka\u00e7 daha transfer yapaca\u011f\u0131z. Bizlerde S\u00fcper Amat\u00f6r K\u00fcme\u2019de ses getiren bir ekip olmak istiyoruz. Mehmet Yi\u011fit Durhan da bizlere g\u00fc\u00e7 katacakt\u0131r. Y\u0131ld\u0131zspor\u2019un hedefleri belli. Onursal Ba\u015fkan\u0131m\u0131z Erhan Y\u0131ld\u0131z\u2019\u0131n destekleriyle bu i\u015fi ba\u015faraca\u011f\u0131m\u0131z\u0131 d\u00fc\u015f\u00fcn\u00fcyorum. G\u00fczel bir sezon bizimle olsun\u201d diye konu\u015ftu.<\/h3>\n<h4>Muhabir: \u00d6zkan \u00c7EL\u0130K<\/h4>\n<h4>Kaynak : Manisa Kulis Haber<\/h4>\n<\/div>\n<\/div>\n<\/div>\n","protected":false},"excerpt":{"rendered":"<p>S\u00fcper Amat\u00f6r K\u00fcme ekibi Y\u0131ld\u0131zspor 45 Futbol Kul\u00fcb\u00fc, d\u0131\u015f transferde Ba\u011flumspor\u2019dan bek oyuncusu Mehmet Yi\u011fit Durhan ile s\u00f6zle\u015fme imzalad\u0131. D\u00fczenlenen imza t\u00f6renine Onursal Ba\u015fkan Erhan Y\u0131ld\u0131z, Kul\u00fcp Ba\u015fkan H\u00fcseyin Bezci ve Sportif Direkt\u00f6r B\u00fclent G\u00f6kkaya kat\u0131ld\u0131. Yeni sezona iddial\u0131 bir \u015fekilde girmek isteyen ve transfer \u00e7al\u0131\u015fmalar\u0131na aral\u0131ks\u0131z devam eden Y\u0131ld\u0131zspor 45 Futbol Kul\u00fcb\u00fc, ge\u00e7ti\u011fimiz sezon [&hellip;]<\/p>\n","protected":false},"author":1,"featured_media":1175,"comment_status":"open","ping_status":"open","sticky":false,"template":"","format":"standard","meta":{"_jetpack_memberships_contains_paid_content":false,"footnotes":""},"categories":[10],"tags":[],"class_list":["post-1168","post","type-post","status-publish","format-standard","has-post-thumbnail","hentry","category-spor"],"jetpack_featured_media_url":"https:\/\/yerelses.com.tr\/wp-content\/uploads\/2024\/10\/Hesap-Soracagim-6-1.png","jetpack_sharing_enabled":true,"_links":{"self":[{"href":"https:\/\/yerelses.com.tr\/index.php?rest_route=\/wp\/v2\/posts\/1168","targetHints":{"allow":["GET"]}}],"collection":[{"href":"https:\/\/yerelses.com.tr\/index.php?rest_route=\/wp\/v2\/posts"}],"about":[{"href":"https:\/\/yerelses.com.tr\/index.php?rest_route=\/wp\/v2\/types\/post"}],"author":[{"embeddable":true,"href":"https:\/\/yerelses.com.tr\/index.php?rest_route=\/wp\/v2\/users\/1"}],"replies":[{"embeddable":true,"href":"https:\/\/yerelses.com.tr\/index.php?rest_route=%2Fwp%2Fv2%2Fcomments&post=1168"}],"version-history":[{"count":1,"href":"https:\/\/yerelses.com.tr\/index.php?rest_route=\/wp\/v2\/posts\/1168\/revisions"}],"predecessor-version":[{"id":1170,"href":"https:\/\/yerelses.com.tr\/index.php?rest_route=\/wp\/v2\/posts\/1168\/revisions\/1170"}],"wp:featuredmedia":[{"embeddable":true,"href":"https:\/\/yerelses.com.tr\/index.php?rest_route=\/wp\/v2\/media\/1175"}],"wp:attachment":[{"href":"https:\/\/yerelses.com.tr\/index.php?rest_route=%2Fwp%2Fv2%2Fmedia&parent=1168"}],"wp:term":[{"taxonomy":"category","embeddable":true,"href":"https:\/\/yerelses.com.tr\/index.php?rest_route=%2Fwp%2Fv2%2Fcategories&post=1168"},{"taxonomy":"post_tag","embeddable":true,"href":"https:\/\/yerelses.com.tr\/index.php?rest_route=%2Fwp%2Fv2%2Ftags&post=1168"}],"curies":[{"name":"wp","href":"https:\/\/api.w.org\/{rel}","templated":true}]}}