{"id":1165,"date":"2024-10-10T07:32:08","date_gmt":"2024-10-10T07:32:08","guid":{"rendered":"https:\/\/yerelses.com.tr\/?p=1165"},"modified":"2024-10-10T07:34:25","modified_gmt":"2024-10-10T07:34:25","slug":"akillara-durgunluk-veren-olay-istanbulda-oldu-sanilan-adam-dirildi","status":"publish","type":"post","link":"https:\/\/yerelses.com.tr\/?p=1165","title":{"rendered":"Ak\u0131llara durgunluk veren olay! \u0130stanbul\u2019da \u00f6ld\u00fc san\u0131lan adam dirildi"},"content":{"rendered":"<h3 style=\"text-align: center;\">Olay, bug\u00fcn \u00f6\u011fle saatlerinde Fatih Ayvansaray Mahallesinde meydana geldi. Edinilen bilgiye g\u00f6re 84 ya\u015f\u0131nda hayat\u0131n\u0131 kaybetti\u011fi gerek\u00e7esiyle Halit B. i\u00e7in Hac\u0131 \u0130lyas Yata\u011fan Camii&#8217;nde cenaze t\u00f6reni d\u00fczenlendi.<\/h3>\n<h2 style=\"text-align: center;\"><strong>TABUTUN \u0130\u00c7\u0130NDEN SESLER GELD\u0130<\/strong><\/h2>\n<h3 style=\"text-align: center;\">B&#8217;nun i\u00e7inde oldu\u011fu tabuttan sesler \u00fczerine olay yerine sa\u011fl\u0131k ekipleri sevk edildi. Sa\u011fl\u0131k ekiplerinin yapt\u0131klar\u0131 ilk incelemede B&#8217;nun ya\u015fad\u0131\u011f\u0131n\u0131 tespit etti. B, burada yap\u0131lan ilk m\u00fcdahalenin ard\u0131ndan ambulans ile hastaneye kald\u0131r\u0131ld\u0131. Halit B, kald\u0131r\u0131ld\u0131\u011f\u0131 hastanede yap\u0131lan t\u00fcm m\u00fcdahalelere ra\u011fmen kurtar\u0131lamayarak hayat\u0131n\u0131 kaybetti.<\/h3>\n<h2 style=\"text-align: center;\"><strong>\u201cBU ADAMIN NABZI ATIYOR DED\u0130LER\u201d<\/strong><\/h2>\n<h3 style=\"text-align: center;\">Olay\u0131 anlatan Rafet Kupa, \u201cCamiye geldim. Cenaze namaz\u0131 k\u0131lacakt\u0131m. Bakt\u0131m orada polisler var. Tabutu a\u00e7t\u0131lar, nabz\u0131na bakt\u0131lar. \u2018Bu adam\u0131n nabz\u0131 at\u0131yor\u2019 dediler. Herkes \u015fa\u015f\u0131rd\u0131. Polis herkesi d\u0131\u015far\u0131 \u00e7\u0131kard\u0131. Bende biraz uzakla\u015ft\u0131m ama her \u015feyi duydum. \u2018Hastaneye g\u00f6t\u00fcrelim, ba\u015fka bir \u00e7are yok\u2019 diye s\u00f6ylediler. Ald\u0131lar, hastaneye g\u00f6t\u00fcrd\u00fcler. \u00d6ld\u00fc ve dirildi denildi. Bunlar sa\u00e7ma \u015feyler ama her insan i\u00e7in bir vakit vard\u0131r. Allah kimsenin can\u0131n\u0131 vakti gelmeden almaz. \u00d6ld\u00fc\u011f\u00fc d\u00fc\u015f\u00fcn\u00fclm\u00fc\u015f\u201d dedi.<\/h3>\n<h2 style=\"text-align: center;\"><strong>\u201cYIKANDI, KEFENLEND\u0130, TABUTA KONULDU\u201d<\/strong><\/h2>\n<h3 style=\"text-align: center;\">Hayat\u0131n\u0131 kaybedenin yak\u0131n\u0131 Erdo\u011fan B, \u201cSabah selas\u0131n\u0131 duyduk. Sevdi\u011fimiz bir abimizdi. \u0130yi bir aile dostumuzdu. Saat 12.15\u2019te bakt\u0131m buraya cenaze arabas\u0131yla cenazesi geldi. Bende yak\u0131nlar\u0131na gelip ba\u015f sa\u011fl\u0131\u011f\u0131 diledim. Adam\u0131 cenaze arabas\u0131ndan al\u0131p musalla ta\u015f\u0131na koyduk. Arkam\u0131 d\u00f6nd\u00fcm, hamama gidene kadar dediler ki tabuttan ses geliyor. Bu sefer dedik tabuttan nas\u0131l ses gelir. Bu adam \u00f6ld\u00fc, y\u0131kand\u0131 ve kefenlenip tabuta konuldu. Bu adamdan nas\u0131l ses geliyor. Aray\u0131n o zaman ambulans\u0131. Ambulans geldi. Sa\u011fl\u0131k ekipleri tabutu a\u00e7\u0131p adam\u0131n kefenlerini \u00e7\u0131kard\u0131lar. Ambulans\u0131n i\u00e7erisinde kalp masaj\u0131 yapmaya ba\u015flad\u0131lar. Sonra adam\u0131 hastaneye geri g\u00f6t\u00fcrd\u00fcler. Hastanede tekrardan \u00f6lm\u00fc\u015f\u201d ifadelerini kulland\u0131.<\/h3>\n<h3 style=\"text-align: center;\"><strong class=\"text-uppercase\">Kaynak: <\/strong>\u0130HA<\/h3>\n","protected":false},"excerpt":{"rendered":"<p>Olay, bug\u00fcn \u00f6\u011fle saatlerinde Fatih Ayvansaray Mahallesinde meydana geldi. Edinilen bilgiye g\u00f6re 84 ya\u015f\u0131nda hayat\u0131n\u0131 kaybetti\u011fi gerek\u00e7esiyle Halit B. i\u00e7in Hac\u0131 \u0130lyas Yata\u011fan Camii&#8217;nde cenaze t\u00f6reni d\u00fczenlendi. TABUTUN \u0130\u00c7\u0130NDEN SESLER GELD\u0130 B&#8217;nun i\u00e7inde oldu\u011fu tabuttan sesler \u00fczerine olay yerine sa\u011fl\u0131k ekipleri sevk edildi. Sa\u011fl\u0131k ekiplerinin yapt\u0131klar\u0131 ilk incelemede B&#8217;nun ya\u015fad\u0131\u011f\u0131n\u0131 tespit etti. B, burada yap\u0131lan [&hellip;]<\/p>\n","protected":false},"author":1,"featured_media":1167,"comment_status":"open","ping_status":"open","sticky":false,"template":"","format":"standard","meta":{"_jetpack_memberships_contains_paid_content":false,"footnotes":""},"categories":[9,33,1],"tags":[],"class_list":["post-1165","post","type-post","status-publish","format-standard","has-post-thumbnail","hentry","category-asayis","category-genel","category-gundem"],"jetpack_featured_media_url":"https:\/\/yerelses.com.tr\/wp-content\/uploads\/2024\/10\/Hesap-Soracagim-2-2.png","jetpack_sharing_enabled":true,"_links":{"self":[{"href":"https:\/\/yerelses.com.tr\/index.php?rest_route=\/wp\/v2\/posts\/1165","targetHints":{"allow":["GET"]}}],"collection":[{"href":"https:\/\/yerelses.com.tr\/index.php?rest_route=\/wp\/v2\/posts"}],"about":[{"href":"https:\/\/yerelses.com.tr\/index.php?rest_route=\/wp\/v2\/types\/post"}],"author":[{"embeddable":true,"href":"https:\/\/yerelses.com.tr\/index.php?rest_route=\/wp\/v2\/users\/1"}],"replies":[{"embeddable":true,"href":"https:\/\/yerelses.com.tr\/index.php?rest_route=%2Fwp%2Fv2%2Fcomments&post=1165"}],"version-history":[{"count":1,"href":"https:\/\/yerelses.com.tr\/index.php?rest_route=\/wp\/v2\/posts\/1165\/revisions"}],"predecessor-version":[{"id":1166,"href":"https:\/\/yerelses.com.tr\/index.php?rest_route=\/wp\/v2\/posts\/1165\/revisions\/1166"}],"wp:featuredmedia":[{"embeddable":true,"href":"https:\/\/yerelses.com.tr\/index.php?rest_route=\/wp\/v2\/media\/1167"}],"wp:attachment":[{"href":"https:\/\/yerelses.com.tr\/index.php?rest_route=%2Fwp%2Fv2%2Fmedia&parent=1165"}],"wp:term":[{"taxonomy":"category","embeddable":true,"href":"https:\/\/yerelses.com.tr\/index.php?rest_route=%2Fwp%2Fv2%2Fcategories&post=1165"},{"taxonomy":"post_tag","embeddable":true,"href":"https:\/\/yerelses.com.tr\/index.php?rest_route=%2Fwp%2Fv2%2Ftags&post=1165"}],"curies":[{"name":"wp","href":"https:\/\/api.w.org\/{rel}","templated":true}]}}