{"id":1157,"date":"2024-10-10T07:00:55","date_gmt":"2024-10-10T07:00:55","guid":{"rendered":"https:\/\/yerelses.com.tr\/?p=1157"},"modified":"2024-10-10T07:18:45","modified_gmt":"2024-10-10T07:18:45","slug":"meteorolojik-kaynaklardan-uyari-var-3-gun-boyunca-etkili-olacak","status":"publish","type":"post","link":"https:\/\/yerelses.com.tr\/?p=1157","title":{"rendered":"Meteorolojik kaynaklardan uyar\u0131 var! 3 g\u00fcn boyunca etkili olacak"},"content":{"rendered":"<h3 style=\"text-align: center;\">T\u00fcrkiye genelinde son zamanlarda yaz havas\u0131 hakim durumda. Tam anlam\u0131yla sonbahara giri\u015f yapamayan T\u00fcrkiye i\u00e7in meteorolojik kaynaklardan uyar\u0131 geldi.<\/h3>\n<h3 style=\"text-align: center;\">T\u00fcrkiye\u2019de son g\u00fcnlerde sonbahar havas\u0131 yerine s\u0131cak yaz g\u00fcnleri ya\u015fan\u0131yor. Meteorolojik kaynaklar 81 ili birden uyard\u0131. Afrika\u2019dan gelen s\u0131cak hava dalgas\u0131 T\u00fcrkiye\u2019yi bir kez daha etkisi alt\u0131na alacak.<\/h3>\n<h3 style=\"text-align: center;\"><\/h3>\n<h2 style=\"text-align: center;\"><strong>3 G\u00dcN BOYUNCA ETK\u0130L\u0130 OLACAK<\/strong><\/h2>\n<h3 style=\"text-align: center;\">T\u00fcrkiye\u2019de Afrika\u2019dan gelen s\u0131cak hava dalgas\u0131 bir kez daha T\u00fcrkiye \u00fczerinde etkili olacak. Ekim ay\u0131nda yaz g\u00fcnlerini ya\u015fayan T\u00fcrkiye i\u00e7in, meteorolojik kaynaklar yaz\u0131n son demleri ya\u015fanacak mesaj\u0131n\u0131 verdi.<\/h3>\n<h3 style=\"text-align: center;\">3 g\u00fcn etkili olacak s\u0131cak hava dalgas\u0131n\u0131n ard\u0131ndan \u00fclke genelinde sonbahar\u0131n serin havas\u0131 hissedilmeye ba\u015flanacak.<\/h3>\n<h3 style=\"text-align: center;\">Meteoroloji kayna\u011f\u0131 Hava Forum, X hesab\u0131ndan yapt\u0131\u011f\u0131 payla\u015f\u0131mla yeni bir Afrika s\u0131cak hava dalgas\u0131n\u0131n \u00fclkemize giri\u015f yapaca\u011f\u0131n\u0131 duyurdu.<\/h3>\n<h3 style=\"text-align: center;\"><\/h3>\n<h3 style=\"text-align: center;\">Payla\u015f\u0131m\u0131nda, &#8220;Afrikams\u0131 s\u0131cak hava dalgas\u0131 \u00fclkemize do\u011fru yola \u00e7\u0131kt\u0131. Yar\u0131ndan itibaren s\u0131cakl\u0131klarda \u00fclke genelinde art\u0131\u015f bekleniyor. 3 g\u00fcn etkili olacak. Ekim ay\u0131 normallerinin \u00e7ok \u00fczerine \u00e7\u0131kaca\u011f\u0131z&#8230;&#8221; ifadelerine yer verdi.<\/h3>\n<h3 style=\"text-align: center;\"><\/h3>\n<h3 style=\"text-align: center;\"><strong class=\"text-uppercase\">Kaynak:\u00a0<\/strong>Haber merkezi<\/h3>\n","protected":false},"excerpt":{"rendered":"<p>T\u00fcrkiye genelinde son zamanlarda yaz havas\u0131 hakim durumda. Tam anlam\u0131yla sonbahara giri\u015f yapamayan T\u00fcrkiye i\u00e7in meteorolojik kaynaklardan uyar\u0131 geldi. T\u00fcrkiye\u2019de son g\u00fcnlerde sonbahar havas\u0131 yerine s\u0131cak yaz g\u00fcnleri ya\u015fan\u0131yor. Meteorolojik kaynaklar 81 ili birden uyard\u0131. Afrika\u2019dan gelen s\u0131cak hava dalgas\u0131 T\u00fcrkiye\u2019yi bir kez daha etkisi alt\u0131na alacak. 3 G\u00dcN BOYUNCA ETK\u0130L\u0130 OLACAK T\u00fcrkiye\u2019de Afrika\u2019dan gelen [&hellip;]<\/p>\n","protected":false},"author":1,"featured_media":1158,"comment_status":"open","ping_status":"open","sticky":false,"template":"","format":"standard","meta":{"_jetpack_memberships_contains_paid_content":false,"footnotes":""},"categories":[33,1],"tags":[32,31,29,16,15,12,21,13,14,22],"class_list":["post-1157","post","type-post","status-publish","format-standard","has-post-thumbnail","hentry","category-genel","category-gundem","tag-manisa","tag-manisa-belediye-haberleri","tag-manisa-ekonomi-haberleri","tag-manisa-gundem","tag-manisa-haber","tag-manisa-haberleri","tag-manisa-sehzadeler-son-dakika","tag-manisa-son-dakika","tag-manisa-yerel-haberler","tag-manisada-son-dakika"],"jetpack_featured_media_url":"https:\/\/yerelses.com.tr\/wp-content\/uploads\/2024\/10\/Hesap-Soracagim-1-3.png","jetpack_sharing_enabled":true,"_links":{"self":[{"href":"https:\/\/yerelses.com.tr\/index.php?rest_route=\/wp\/v2\/posts\/1157","targetHints":{"allow":["GET"]}}],"collection":[{"href":"https:\/\/yerelses.com.tr\/index.php?rest_route=\/wp\/v2\/posts"}],"about":[{"href":"https:\/\/yerelses.com.tr\/index.php?rest_route=\/wp\/v2\/types\/post"}],"author":[{"embeddable":true,"href":"https:\/\/yerelses.com.tr\/index.php?rest_route=\/wp\/v2\/users\/1"}],"replies":[{"embeddable":true,"href":"https:\/\/yerelses.com.tr\/index.php?rest_route=%2Fwp%2Fv2%2Fcomments&post=1157"}],"version-history":[{"count":2,"href":"https:\/\/yerelses.com.tr\/index.php?rest_route=\/wp\/v2\/posts\/1157\/revisions"}],"predecessor-version":[{"id":1164,"href":"https:\/\/yerelses.com.tr\/index.php?rest_route=\/wp\/v2\/posts\/1157\/revisions\/1164"}],"wp:featuredmedia":[{"embeddable":true,"href":"https:\/\/yerelses.com.tr\/index.php?rest_route=\/wp\/v2\/media\/1158"}],"wp:attachment":[{"href":"https:\/\/yerelses.com.tr\/index.php?rest_route=%2Fwp%2Fv2%2Fmedia&parent=1157"}],"wp:term":[{"taxonomy":"category","embeddable":true,"href":"https:\/\/yerelses.com.tr\/index.php?rest_route=%2Fwp%2Fv2%2Fcategories&post=1157"},{"taxonomy":"post_tag","embeddable":true,"href":"https:\/\/yerelses.com.tr\/index.php?rest_route=%2Fwp%2Fv2%2Ftags&post=1157"}],"curies":[{"name":"wp","href":"https:\/\/api.w.org\/{rel}","templated":true}]}}