{"id":1139,"date":"2024-10-09T13:53:44","date_gmt":"2024-10-09T13:53:44","guid":{"rendered":"https:\/\/yerelses.com.tr\/?p=1139"},"modified":"2024-10-09T13:53:44","modified_gmt":"2024-10-09T13:53:44","slug":"vestel-manisa-yari-maratonuna-sayili-gunler-kaldi","status":"publish","type":"post","link":"https:\/\/yerelses.com.tr\/?p=1139","title":{"rendered":"Vestel Manisa Yar\u0131 Maratonu\u2019na say\u0131l\u0131 g\u00fcnler kald\u0131!"},"content":{"rendered":"<h2 class=\"lead text-lg-start text-dark my-2 description\" style=\"text-align: center;\">Vestel, Manisa B\u00fcy\u00fck\u015fehir Belediyesi i\u015f birli\u011fiyle bu y\u0131l \u00fc\u00e7\u00fcnc\u00fcs\u00fcn\u00fc d\u00fczenleyece\u011fi &#8220;Uluslararas\u0131 Vestel Manisa Yar\u0131 Maratonu&#8221; i\u00e7in kay\u0131t s\u00fcresinin sonuna yakla\u015f\u0131yor. Yerel halk\u0131 spor yapmaya te\u015fvik etmek amac\u0131yla d\u00fczenlenen bu etkinlik, 20 Ekim Pazar g\u00fcn\u00fc ger\u00e7ekle\u015ftirilecek.<\/h2>\n<h3 style=\"text-align: center;\"><strong>Uluslararas\u0131 Vestel Manisa Yar\u0131 Maratonu, Manisa\u2019n\u0131n sembolik ve tarihi yap\u0131lar\u0131ndan biri olan H\u00fck\u00fcmet Kona\u011f\u0131 \u00f6n\u00fcnden ba\u015flayacak. Maraton, Vestel City\u2019nin de i\u00e7inden ge\u00e7erek kat\u0131l\u0131mc\u0131lara e\u015fsiz bir deneyim sunacak. Bu y\u0131lki etkinlikte, 5 kilometre, 10 kilometre ve 21 kilometrelik ko\u015fulara ek olarak, 19 Ekim Cumartesi g\u00fcn\u00fc 500 metrelik \u00e7ocuk ko\u015fusu da d\u00fczenlenecek. Kat\u0131l\u0131mc\u0131lar, farkl\u0131 mesafelerde ko\u015farak hem spor yapma f\u0131rsat\u0131 bulacak hem de Manisa&#8217;n\u0131n g\u00fczelliklerini ke\u015ffedecek.<\/strong><\/h3>\n<div id=\"ad_121\" style=\"text-align: center;\" data-pagespeed=\"true\" data-advert=\"temedya\" data-channel=\"121\"><\/div>\n<h1 style=\"text-align: center;\"><strong>Son Ba\u015fvuru Tarihi Ne Zaman?<\/strong><\/h1>\n<h3 style=\"text-align: center;\"><strong>Bu y\u0131lki maratona T\u00fcrkiye\u2019nin yan\u0131 s\u0131ra \u00e7e\u015fitli \u00fclkelerden de bir\u00e7ok sporcu kat\u0131lacak. Yar\u0131 maratona kat\u0131lmak isteyenler i\u00e7in son ba\u015fvuru tarihi 11 Ekim 2024 olarak belirlendi. Kat\u0131l\u0131mc\u0131lar\u0131n, vestelmanisayarimaratonu.com\/tr\/vestel\/bireysel-kayit adresinden kay\u0131t i\u015flemlerini tamamlamalar\u0131 gerekiyor.<\/strong><\/h3>\n<h3 style=\"text-align: center;\"><strong>Uluslararas\u0131 Vestel Manisa Yar\u0131 Maratonu, sporun birle\u015ftirici g\u00fcc\u00fcn\u00fc Manisa\u2019da bir araya getirirken, kat\u0131l\u0131mc\u0131lara unutulmaz anlar ya\u015fatmay\u0131 hedefliyor. Kay\u0131t s\u00fcresi dolmadan yerlerini almak isteyen sporcular\u0131 bekliyoruz!<\/strong><\/h3>\n<p style=\"text-align: center;\">\n<div class=\"card border-0 mb-3\">\n<div class=\"article-text container-padding\" data-text-id=\"157980\">\n<div class=\"article-source py-3 border-top small\" style=\"text-align: center;\"><span class=\"source-name pe-3\"><strong class=\"text-uppercase\">Kaynak:\u00a0<\/strong>\u0130HA<\/span><\/div>\n<\/div>\n<\/div>\n","protected":false},"excerpt":{"rendered":"<p>Vestel, Manisa B\u00fcy\u00fck\u015fehir Belediyesi i\u015f birli\u011fiyle bu y\u0131l \u00fc\u00e7\u00fcnc\u00fcs\u00fcn\u00fc d\u00fczenleyece\u011fi &#8220;Uluslararas\u0131 Vestel Manisa Yar\u0131 Maratonu&#8221; i\u00e7in kay\u0131t s\u00fcresinin sonuna yakla\u015f\u0131yor. Yerel halk\u0131 spor yapmaya te\u015fvik etmek amac\u0131yla d\u00fczenlenen bu etkinlik, 20 Ekim Pazar g\u00fcn\u00fc ger\u00e7ekle\u015ftirilecek. Uluslararas\u0131 Vestel Manisa Yar\u0131 Maratonu, Manisa\u2019n\u0131n sembolik ve tarihi yap\u0131lar\u0131ndan biri olan H\u00fck\u00fcmet Kona\u011f\u0131 \u00f6n\u00fcnden ba\u015flayacak. Maraton, Vestel City\u2019nin de [&hellip;]<\/p>\n","protected":false},"author":1,"featured_media":1140,"comment_status":"open","ping_status":"open","sticky":false,"template":"","format":"standard","meta":{"_jetpack_memberships_contains_paid_content":false,"footnotes":""},"categories":[1,10],"tags":[32,31,29,16,15,12,21,13,14,22],"class_list":["post-1139","post","type-post","status-publish","format-standard","has-post-thumbnail","hentry","category-gundem","category-spor","tag-manisa","tag-manisa-belediye-haberleri","tag-manisa-ekonomi-haberleri","tag-manisa-gundem","tag-manisa-haber","tag-manisa-haberleri","tag-manisa-sehzadeler-son-dakika","tag-manisa-son-dakika","tag-manisa-yerel-haberler","tag-manisada-son-dakika"],"jetpack_featured_media_url":"https:\/\/yerelses.com.tr\/wp-content\/uploads\/2024\/10\/Hesap-Soracagim-7.png","jetpack_sharing_enabled":true,"_links":{"self":[{"href":"https:\/\/yerelses.com.tr\/index.php?rest_route=\/wp\/v2\/posts\/1139","targetHints":{"allow":["GET"]}}],"collection":[{"href":"https:\/\/yerelses.com.tr\/index.php?rest_route=\/wp\/v2\/posts"}],"about":[{"href":"https:\/\/yerelses.com.tr\/index.php?rest_route=\/wp\/v2\/types\/post"}],"author":[{"embeddable":true,"href":"https:\/\/yerelses.com.tr\/index.php?rest_route=\/wp\/v2\/users\/1"}],"replies":[{"embeddable":true,"href":"https:\/\/yerelses.com.tr\/index.php?rest_route=%2Fwp%2Fv2%2Fcomments&post=1139"}],"version-history":[{"count":1,"href":"https:\/\/yerelses.com.tr\/index.php?rest_route=\/wp\/v2\/posts\/1139\/revisions"}],"predecessor-version":[{"id":1141,"href":"https:\/\/yerelses.com.tr\/index.php?rest_route=\/wp\/v2\/posts\/1139\/revisions\/1141"}],"wp:featuredmedia":[{"embeddable":true,"href":"https:\/\/yerelses.com.tr\/index.php?rest_route=\/wp\/v2\/media\/1140"}],"wp:attachment":[{"href":"https:\/\/yerelses.com.tr\/index.php?rest_route=%2Fwp%2Fv2%2Fmedia&parent=1139"}],"wp:term":[{"taxonomy":"category","embeddable":true,"href":"https:\/\/yerelses.com.tr\/index.php?rest_route=%2Fwp%2Fv2%2Fcategories&post=1139"},{"taxonomy":"post_tag","embeddable":true,"href":"https:\/\/yerelses.com.tr\/index.php?rest_route=%2Fwp%2Fv2%2Ftags&post=1139"}],"curies":[{"name":"wp","href":"https:\/\/api.w.org\/{rel}","templated":true}]}}