{"id":1130,"date":"2024-10-09T13:44:57","date_gmt":"2024-10-09T13:44:57","guid":{"rendered":"https:\/\/yerelses.com.tr\/?p=1130"},"modified":"2024-10-09T13:44:57","modified_gmt":"2024-10-09T13:44:57","slug":"manisada-chp-il-saglik-komisyonundan-kis-saati-aciklamasi","status":"publish","type":"post","link":"https:\/\/yerelses.com.tr\/?p=1130","title":{"rendered":"Manisa\u2019da CHP \u0130l Sa\u011fl\u0131k Komisyonu&#8217;ndan \u201ck\u0131\u015f saati\u201d a\u00e7\u0131klamas\u0131"},"content":{"rendered":"<h2 style=\"text-align: center;\">CHP \u0130l Sa\u011fl\u0131k Komisyonu ad\u0131na a\u00e7\u0131klama yapan Uzm. Dr. Erdem Nalbant, k\u0131\u015f saati uygulamas\u0131n\u0131n insan sa\u011fl\u0131\u011f\u0131n\u0131 olumsuz \u015fekilde s\u00f6yledi.<\/h2>\n<h2 style=\"text-align: center;\"><strong>\u201c\u0130NSAN SA\u011eLI\u011eINI OLUMSUZ ETK\u0130L\u0130YOR\u201d<\/strong><\/h2>\n<h3 style=\"text-align: center;\">K\u0131\u015f saati uygulamas\u0131n\u0131n kald\u0131r\u0131lmas\u0131yla bir\u00e7ok hastal\u0131\u011f\u0131n \u00f6n\u00fcn\u00fcn a\u00e7\u0131ld\u0131\u011f\u0131n\u0131 s\u00f6yleyen Uzm. Dr. Erdem Nalbant, \u201c2016 y\u0131l\u0131nda kald\u0131r\u0131lan k\u0131\u015f saati uygulamas\u0131 bir an \u00f6nce tekrar uygulamaya ge\u00e7irilmelidir. \u00c7\u00fcnk\u00fc k\u0131\u015f saatinin kald\u0131r\u0131lmas\u0131 bir toplum sa\u011fl\u0131\u011f\u0131 sorunu haline gelmi\u015ftir. \u0130nsanlar\u0131n bir biyolojik ritmi vard\u0131r. Bu da g\u00fcne\u015fin hareketlerine g\u00f6redir.<\/h3>\n<h3 style=\"text-align: center;\">Biz biyolojik ritmi bozdu\u011fumuzda insanlarda kalp ve damar hastal\u0131klar\u0131, tip 2 diyabet hastal\u0131\u011f\u0131, alzheimer gibi hastal\u0131klar\u0131n artt\u0131\u011f\u0131 \u00e7al\u0131\u015fmalarla g\u00f6sterilmi\u015ftir. \u00d6zellikle gece vardiyas\u0131nda \u00e7al\u0131\u015fan ki\u015filerde bu hastal\u0131klar\u0131n artt\u0131\u011f\u0131 g\u00f6r\u00fclm\u00fc\u015ft\u00fcr. \u00c7ocuklar\u0131m\u0131z\u0131n dikkat da\u011f\u0131n\u0131kl\u0131\u011f\u0131, \u00f6\u011frenme g\u00fc\u00e7l\u00fc\u011f\u00fc ve i\u015f kazalar\u0131n\u0131n artt\u0131\u011f\u0131 bilimsel bir veri oldu\u011fu i\u00e7in k\u0131\u015f saati uygulamas\u0131na bir an \u00f6nce geri d\u00f6n\u00fclmelidir\u201d ifadelerini kulland\u0131.<\/h3>\n<p style=\"text-align: center;\">\n<p style=\"text-align: center;\"><strong class=\"text-uppercase\">Kaynak:\u00a0<\/strong>\u0130HA<\/p>\n","protected":false},"excerpt":{"rendered":"<p>CHP \u0130l Sa\u011fl\u0131k Komisyonu ad\u0131na a\u00e7\u0131klama yapan Uzm. Dr. Erdem Nalbant, k\u0131\u015f saati uygulamas\u0131n\u0131n insan sa\u011fl\u0131\u011f\u0131n\u0131 olumsuz \u015fekilde s\u00f6yledi. \u201c\u0130NSAN SA\u011eLI\u011eINI OLUMSUZ ETK\u0130L\u0130YOR\u201d K\u0131\u015f saati uygulamas\u0131n\u0131n kald\u0131r\u0131lmas\u0131yla bir\u00e7ok hastal\u0131\u011f\u0131n \u00f6n\u00fcn\u00fcn a\u00e7\u0131ld\u0131\u011f\u0131n\u0131 s\u00f6yleyen Uzm. Dr. Erdem Nalbant, \u201c2016 y\u0131l\u0131nda kald\u0131r\u0131lan k\u0131\u015f saati uygulamas\u0131 bir an \u00f6nce tekrar uygulamaya ge\u00e7irilmelidir. \u00c7\u00fcnk\u00fc k\u0131\u015f saatinin kald\u0131r\u0131lmas\u0131 bir toplum sa\u011fl\u0131\u011f\u0131 [&hellip;]<\/p>\n","protected":false},"author":1,"featured_media":1131,"comment_status":"open","ping_status":"open","sticky":false,"template":"","format":"standard","meta":{"_jetpack_memberships_contains_paid_content":false,"footnotes":""},"categories":[1,8],"tags":[31,16,15,12,21,13,14,22],"class_list":["post-1130","post","type-post","status-publish","format-standard","has-post-thumbnail","hentry","category-gundem","category-siyaset","tag-manisa-belediye-haberleri","tag-manisa-gundem","tag-manisa-haber","tag-manisa-haberleri","tag-manisa-sehzadeler-son-dakika","tag-manisa-son-dakika","tag-manisa-yerel-haberler","tag-manisada-son-dakika"],"jetpack_featured_media_url":"https:\/\/yerelses.com.tr\/wp-content\/uploads\/2024\/10\/Hesap-Soracagim-5.png","jetpack_sharing_enabled":true,"_links":{"self":[{"href":"https:\/\/yerelses.com.tr\/index.php?rest_route=\/wp\/v2\/posts\/1130","targetHints":{"allow":["GET"]}}],"collection":[{"href":"https:\/\/yerelses.com.tr\/index.php?rest_route=\/wp\/v2\/posts"}],"about":[{"href":"https:\/\/yerelses.com.tr\/index.php?rest_route=\/wp\/v2\/types\/post"}],"author":[{"embeddable":true,"href":"https:\/\/yerelses.com.tr\/index.php?rest_route=\/wp\/v2\/users\/1"}],"replies":[{"embeddable":true,"href":"https:\/\/yerelses.com.tr\/index.php?rest_route=%2Fwp%2Fv2%2Fcomments&post=1130"}],"version-history":[{"count":1,"href":"https:\/\/yerelses.com.tr\/index.php?rest_route=\/wp\/v2\/posts\/1130\/revisions"}],"predecessor-version":[{"id":1132,"href":"https:\/\/yerelses.com.tr\/index.php?rest_route=\/wp\/v2\/posts\/1130\/revisions\/1132"}],"wp:featuredmedia":[{"embeddable":true,"href":"https:\/\/yerelses.com.tr\/index.php?rest_route=\/wp\/v2\/media\/1131"}],"wp:attachment":[{"href":"https:\/\/yerelses.com.tr\/index.php?rest_route=%2Fwp%2Fv2%2Fmedia&parent=1130"}],"wp:term":[{"taxonomy":"category","embeddable":true,"href":"https:\/\/yerelses.com.tr\/index.php?rest_route=%2Fwp%2Fv2%2Fcategories&post=1130"},{"taxonomy":"post_tag","embeddable":true,"href":"https:\/\/yerelses.com.tr\/index.php?rest_route=%2Fwp%2Fv2%2Ftags&post=1130"}],"curies":[{"name":"wp","href":"https:\/\/api.w.org\/{rel}","templated":true}]}}