{"id":1119,"date":"2024-10-09T13:29:17","date_gmt":"2024-10-09T13:29:17","guid":{"rendered":"https:\/\/yerelses.com.tr\/?p=1119"},"modified":"2024-10-10T06:11:49","modified_gmt":"2024-10-10T06:11:49","slug":"manisa-cbulu-ogrencilerden-kadin-cinayetlerine-protesto","status":"publish","type":"post","link":"https:\/\/yerelses.com.tr\/?p=1119","title":{"rendered":"Manisa CB\u00dc\u2019l\u00fc \u00f6\u011frencilerden kad\u0131n cinayetlerine protesto!"},"content":{"rendered":"<h2><\/h2>\n<h2 style=\"text-align: center;\">\u00dclkede son d\u00f6nemde \u00fcst \u00fcste meydana gelen kad\u0131n cinayetleri, toplumun bir\u00e7ok kesiminden tepki \u00e7ekti. \u00dclke \u00e7ap\u0131nda protesto eylemleri d\u00fczenlenirken, Manisa\u2019da da eylem vard\u0131.<\/h2>\n<h2 id=\"ad_121\" style=\"text-align: center;\" data-pagespeed=\"true\" data-advert=\"temedya\" data-channel=\"121\"><\/h2>\n<h2 style=\"text-align: center;\">Manisa Celal Bayar \u00dcniversitesi \u00f6\u011frencileri, kad\u0131n cinayetlerini protesto etmek amac\u0131yla y\u00fcr\u00fcy\u00fc\u015f d\u00fczenledi.<\/h2>\n<h2 style=\"text-align: center;\">Siyah k\u0131yafetler giyen \u00f6\u011frenciler, derse girmedi ve kad\u0131n cinayetlerini protesto etti.<\/h2>\n<h2 style=\"text-align: center;\">Eyleme kat\u0131lan y\u00fczlerce \u00f6\u011frenci, \u00fclkede ya\u015fanan kad\u0131n cinayetlerine dikkat \u00e7ekti<\/h2>\n<p><img fetchpriority=\"high\" decoding=\"async\" class=\"aligncenter wp-image-1122 size-full\" src=\"https:\/\/yerelses.com.tr\/wp-content\/uploads\/2024\/10\/462597986-8721911401154405-7957215321865105725-n.webp\" alt=\"\" width=\"1080\" height=\"608\" srcset=\"https:\/\/yerelses.com.tr\/wp-content\/uploads\/2024\/10\/462597986-8721911401154405-7957215321865105725-n.webp 1080w, https:\/\/yerelses.com.tr\/wp-content\/uploads\/2024\/10\/462597986-8721911401154405-7957215321865105725-n-300x169.webp 300w, https:\/\/yerelses.com.tr\/wp-content\/uploads\/2024\/10\/462597986-8721911401154405-7957215321865105725-n-1024x576.webp 1024w, https:\/\/yerelses.com.tr\/wp-content\/uploads\/2024\/10\/462597986-8721911401154405-7957215321865105725-n-768x432.webp 768w\" sizes=\"(max-width: 1080px) 100vw, 1080px\" \/><\/p>\n<p><img decoding=\"async\" class=\"aligncenter wp-image-1123 size-full\" src=\"https:\/\/yerelses.com.tr\/wp-content\/uploads\/2024\/10\/462445178-8721911564487722-4319910827336698648-n.webp\" alt=\"\" width=\"1080\" height=\"810\" srcset=\"https:\/\/yerelses.com.tr\/wp-content\/uploads\/2024\/10\/462445178-8721911564487722-4319910827336698648-n.webp 1080w, https:\/\/yerelses.com.tr\/wp-content\/uploads\/2024\/10\/462445178-8721911564487722-4319910827336698648-n-300x225.webp 300w, https:\/\/yerelses.com.tr\/wp-content\/uploads\/2024\/10\/462445178-8721911564487722-4319910827336698648-n-1024x768.webp 1024w, https:\/\/yerelses.com.tr\/wp-content\/uploads\/2024\/10\/462445178-8721911564487722-4319910827336698648-n-768x576.webp 768w\" sizes=\"(max-width: 1080px) 100vw, 1080px\" \/><\/p>\n<p><img decoding=\"async\" class=\"aligncenter wp-image-1121 size-full\" src=\"https:\/\/yerelses.com.tr\/wp-content\/uploads\/2024\/10\/462557282-8721911777821034-3220175710743424758-n.webp\" alt=\"\" width=\"1080\" height=\"810\" srcset=\"https:\/\/yerelses.com.tr\/wp-content\/uploads\/2024\/10\/462557282-8721911777821034-3220175710743424758-n.webp 1080w, https:\/\/yerelses.com.tr\/wp-content\/uploads\/2024\/10\/462557282-8721911777821034-3220175710743424758-n-300x225.webp 300w, https:\/\/yerelses.com.tr\/wp-content\/uploads\/2024\/10\/462557282-8721911777821034-3220175710743424758-n-1024x768.webp 1024w, https:\/\/yerelses.com.tr\/wp-content\/uploads\/2024\/10\/462557282-8721911777821034-3220175710743424758-n-768x576.webp 768w\" sizes=\"(max-width: 1080px) 100vw, 1080px\" \/><\/p>\n<p><img loading=\"lazy\" decoding=\"async\" class=\"aligncenter wp-image-1120 size-full\" src=\"https:\/\/yerelses.com.tr\/wp-content\/uploads\/2024\/10\/462670457-8721911221154423-2278043749055020648-n.webp\" alt=\"\" width=\"1080\" height=\"810\" srcset=\"https:\/\/yerelses.com.tr\/wp-content\/uploads\/2024\/10\/462670457-8721911221154423-2278043749055020648-n.webp 1080w, https:\/\/yerelses.com.tr\/wp-content\/uploads\/2024\/10\/462670457-8721911221154423-2278043749055020648-n-300x225.webp 300w, https:\/\/yerelses.com.tr\/wp-content\/uploads\/2024\/10\/462670457-8721911221154423-2278043749055020648-n-1024x768.webp 1024w, https:\/\/yerelses.com.tr\/wp-content\/uploads\/2024\/10\/462670457-8721911221154423-2278043749055020648-n-768x576.webp 768w\" sizes=\"(max-width: 1080px) 100vw, 1080px\" \/><\/p>\n<p style=\"text-align: center;\"><strong>Kaynak<\/strong> : Manisa Kulis Haber<\/p>\n<p style=\"text-align: center;\"><strong class=\"text-uppercase\">Muhabir:\u00a0<\/strong>Didem ALTINAY<\/p>\n","protected":false},"excerpt":{"rendered":"<p>\u00dclkede son d\u00f6nemde \u00fcst \u00fcste meydana gelen kad\u0131n cinayetleri, toplumun bir\u00e7ok kesiminden tepki \u00e7ekti. \u00dclke \u00e7ap\u0131nda protesto eylemleri d\u00fczenlenirken, Manisa\u2019da da eylem vard\u0131. Manisa Celal Bayar \u00dcniversitesi \u00f6\u011frencileri, kad\u0131n cinayetlerini protesto etmek amac\u0131yla y\u00fcr\u00fcy\u00fc\u015f d\u00fczenledi. Siyah k\u0131yafetler giyen \u00f6\u011frenciler, derse girmedi ve kad\u0131n cinayetlerini protesto etti. Eyleme kat\u0131lan y\u00fczlerce \u00f6\u011frenci, \u00fclkede ya\u015fanan kad\u0131n cinayetlerine dikkat [&hellip;]<\/p>\n","protected":false},"author":1,"featured_media":1125,"comment_status":"open","ping_status":"open","sticky":false,"template":"","format":"standard","meta":{"_jetpack_memberships_contains_paid_content":false,"footnotes":""},"categories":[1,8],"tags":[32,31,29,16,15,12,21,13,14,22],"class_list":["post-1119","post","type-post","status-publish","format-standard","has-post-thumbnail","hentry","category-gundem","category-siyaset","tag-manisa","tag-manisa-belediye-haberleri","tag-manisa-ekonomi-haberleri","tag-manisa-gundem","tag-manisa-haber","tag-manisa-haberleri","tag-manisa-sehzadeler-son-dakika","tag-manisa-son-dakika","tag-manisa-yerel-haberler","tag-manisada-son-dakika"],"jetpack_featured_media_url":"https:\/\/yerelses.com.tr\/wp-content\/uploads\/2024\/10\/Hesap-Soracagim-4.png","jetpack_sharing_enabled":true,"_links":{"self":[{"href":"https:\/\/yerelses.com.tr\/index.php?rest_route=\/wp\/v2\/posts\/1119","targetHints":{"allow":["GET"]}}],"collection":[{"href":"https:\/\/yerelses.com.tr\/index.php?rest_route=\/wp\/v2\/posts"}],"about":[{"href":"https:\/\/yerelses.com.tr\/index.php?rest_route=\/wp\/v2\/types\/post"}],"author":[{"embeddable":true,"href":"https:\/\/yerelses.com.tr\/index.php?rest_route=\/wp\/v2\/users\/1"}],"replies":[{"embeddable":true,"href":"https:\/\/yerelses.com.tr\/index.php?rest_route=%2Fwp%2Fv2%2Fcomments&post=1119"}],"version-history":[{"count":4,"href":"https:\/\/yerelses.com.tr\/index.php?rest_route=\/wp\/v2\/posts\/1119\/revisions"}],"predecessor-version":[{"id":1129,"href":"https:\/\/yerelses.com.tr\/index.php?rest_route=\/wp\/v2\/posts\/1119\/revisions\/1129"}],"wp:featuredmedia":[{"embeddable":true,"href":"https:\/\/yerelses.com.tr\/index.php?rest_route=\/wp\/v2\/media\/1125"}],"wp:attachment":[{"href":"https:\/\/yerelses.com.tr\/index.php?rest_route=%2Fwp%2Fv2%2Fmedia&parent=1119"}],"wp:term":[{"taxonomy":"category","embeddable":true,"href":"https:\/\/yerelses.com.tr\/index.php?rest_route=%2Fwp%2Fv2%2Fcategories&post=1119"},{"taxonomy":"post_tag","embeddable":true,"href":"https:\/\/yerelses.com.tr\/index.php?rest_route=%2Fwp%2Fv2%2Ftags&post=1119"}],"curies":[{"name":"wp","href":"https:\/\/api.w.org\/{rel}","templated":true}]}}