{"id":1108,"date":"2024-10-09T12:48:21","date_gmt":"2024-10-09T12:48:21","guid":{"rendered":"https:\/\/yerelses.com.tr\/?p=1108"},"modified":"2024-10-09T13:03:10","modified_gmt":"2024-10-09T13:03:10","slug":"manisa-demircide-kestane-hasadi-basladi","status":"publish","type":"post","link":"https:\/\/yerelses.com.tr\/?p=1108","title":{"rendered":"Manisa Demirci\u2019de kestane hasad\u0131 ba\u015flad\u0131"},"content":{"rendered":"<h2 style=\"text-align: center;\">Manisa\u2019n\u0131n Demirci il\u00e7esinde \u00fcreticinin kestane hasad\u0131 mesaisi ba\u015flad\u0131. \u00c7anak\u00e7\u0131, Rahmanlar, Mahmutlar, Yarbasan, Ahatlar, K\u00fcpeler ve Karg\u0131n\u0131\u015f\u0131klar gibi 20 civar\u0131nda mahallede \u00fcretilen kestane hasad\u0131 i\u00e7in \u00e7ift\u00e7iler sabah\u0131n erken saatlerinde tarlalar\u0131na gidiyor.<\/h2>\n<p>&nbsp;<\/p>\n<p><img fetchpriority=\"high\" decoding=\"async\" class=\"wp-image-1112 size-full aligncenter\" src=\"https:\/\/yerelses.com.tr\/wp-content\/uploads\/2024\/10\/a-a-20241009-35861945-35861941-d-e-m-i-r-c-i-d-e-k-e-s-t-a-n-e-h-a-s-a-d-i-n-a-b-a-s-l-a-n-d-i-800x530-1.webp\" alt=\"\" width=\"800\" height=\"530\" srcset=\"https:\/\/yerelses.com.tr\/wp-content\/uploads\/2024\/10\/a-a-20241009-35861945-35861941-d-e-m-i-r-c-i-d-e-k-e-s-t-a-n-e-h-a-s-a-d-i-n-a-b-a-s-l-a-n-d-i-800x530-1.webp 800w, https:\/\/yerelses.com.tr\/wp-content\/uploads\/2024\/10\/a-a-20241009-35861945-35861941-d-e-m-i-r-c-i-d-e-k-e-s-t-a-n-e-h-a-s-a-d-i-n-a-b-a-s-l-a-n-d-i-800x530-1-300x199.webp 300w, https:\/\/yerelses.com.tr\/wp-content\/uploads\/2024\/10\/a-a-20241009-35861945-35861941-d-e-m-i-r-c-i-d-e-k-e-s-t-a-n-e-h-a-s-a-d-i-n-a-b-a-s-l-a-n-d-i-800x530-1-768x509.webp 768w\" sizes=\"(max-width: 800px) 100vw, 800px\" \/><\/p>\n<h3><\/h3>\n<h3 style=\"text-align: center;\">S\u0131r\u0131k yard\u0131m\u0131yla a\u011fa\u00e7lardan d\u00fc\u015f\u00fcr\u00fclen kestane kozalaklar\u0131 teker teker toplan\u0131yor. Yakla\u015f\u0131k 1 ay boyunca kuyularda bekletilen kestaneler, Bursa ba\u015fta olmak \u00fczere \u0130zmir, Ankara ve \u0130stanbul&#8217;dan gelen t\u00fcccarlara sat\u0131lacak.<\/h3>\n<h3 style=\"text-align: center;\">\u0130l\u00e7ede kestane hasad\u0131n\u0131n kas\u0131m ay\u0131 sonuna kadar s\u00fcrmesi bekleniyor.<\/h3>\n<h3 style=\"text-align: center;\">\u0130l\u00e7e Tar\u0131m ve Orman M\u00fcd\u00fcr\u00fc Faruk \u015eenyurt, il\u00e7enin y\u00fcksek rak\u0131m\u0131n\u0131n kestanenin kalitesini olumlu etkiledi\u011fini belirtti.<\/h3>\n<p>&nbsp;<\/p>\n<p><img decoding=\"async\" class=\"aligncenter wp-image-1113 size-full\" src=\"https:\/\/yerelses.com.tr\/wp-content\/uploads\/2024\/10\/a-a-20241009-35861945-35861943-d-e-m-i-r-c-i-d-e-k-e-s-t-a-n-e-h-a-s-a-d-i-n-a-b-a-s-l-a-n-d-i-800x540-1.webp\" alt=\"\" width=\"800\" height=\"540\" srcset=\"https:\/\/yerelses.com.tr\/wp-content\/uploads\/2024\/10\/a-a-20241009-35861945-35861943-d-e-m-i-r-c-i-d-e-k-e-s-t-a-n-e-h-a-s-a-d-i-n-a-b-a-s-l-a-n-d-i-800x540-1.webp 800w, https:\/\/yerelses.com.tr\/wp-content\/uploads\/2024\/10\/a-a-20241009-35861945-35861943-d-e-m-i-r-c-i-d-e-k-e-s-t-a-n-e-h-a-s-a-d-i-n-a-b-a-s-l-a-n-d-i-800x540-1-300x203.webp 300w, https:\/\/yerelses.com.tr\/wp-content\/uploads\/2024\/10\/a-a-20241009-35861945-35861943-d-e-m-i-r-c-i-d-e-k-e-s-t-a-n-e-h-a-s-a-d-i-n-a-b-a-s-l-a-n-d-i-800x540-1-768x518.webp 768w\" sizes=\"(max-width: 800px) 100vw, 800px\" \/><\/p>\n<p>&nbsp;<\/p>\n<h3 style=\"text-align: center;\">Bu y\u0131l beklenen rekoltenin 850 ton civar\u0131nda oldu\u011funu kaydeden \u015eenyurt, &#8220;\u00d6zellikle Mahmutlar, \u00c7anak\u00e7\u0131, Rahmanlar ve S\u00f6\u011f\u00fct\u00e7\u00fck mahallelerinde \u00e7ift\u00e7iler her y\u0131l yeni kestane fidan\u0131 dikerek \u00fcretim alan\u0131n\u0131 geni\u015fletiyorlar. Demirci&#8217;de \u00fcretilen kestanenin \u00e7o\u011fu \u015fekerlemede kullan\u0131l\u0131yor.&#8221; dedi.<\/h3>\n<p>&nbsp;<\/p>\n<p><img decoding=\"async\" class=\"wp-image-1114 size-full aligncenter\" src=\"https:\/\/yerelses.com.tr\/wp-content\/uploads\/2024\/10\/a-a-20241009-35861945-35861942-d-e-m-i-r-c-i-d-e-k-e-s-t-a-n-e-h-a-s-a-d-i-n-a-b-a-s-l-a-n-d-i-800x535-1.webp\" alt=\"\" width=\"800\" height=\"535\" srcset=\"https:\/\/yerelses.com.tr\/wp-content\/uploads\/2024\/10\/a-a-20241009-35861945-35861942-d-e-m-i-r-c-i-d-e-k-e-s-t-a-n-e-h-a-s-a-d-i-n-a-b-a-s-l-a-n-d-i-800x535-1.webp 800w, https:\/\/yerelses.com.tr\/wp-content\/uploads\/2024\/10\/a-a-20241009-35861945-35861942-d-e-m-i-r-c-i-d-e-k-e-s-t-a-n-e-h-a-s-a-d-i-n-a-b-a-s-l-a-n-d-i-800x535-1-300x201.webp 300w, https:\/\/yerelses.com.tr\/wp-content\/uploads\/2024\/10\/a-a-20241009-35861945-35861942-d-e-m-i-r-c-i-d-e-k-e-s-t-a-n-e-h-a-s-a-d-i-n-a-b-a-s-l-a-n-d-i-800x535-1-768x514.webp 768w\" sizes=\"(max-width: 800px) 100vw, 800px\" \/><\/p>\n<h3 style=\"text-align: center;\"><\/h3>\n<h3 style=\"text-align: center;\">\u00c7anak\u00e7\u0131 Mahalle Muhtar\u0131 \u015eerif D\u00f6nmez il\u00e7ede kestane \u00fcretiminin en yo\u011fun oldu\u011fu mahallenin \u00c7anak\u00e7\u0131 oldu\u011funu ifade ederek, &#8220;Bu y\u0131l \u00fcr\u00fcn\u00fcm\u00fcz \u00e7ok bol. Kestanemiz, soyumu g\u00fczel olmas\u0131ndan dolay\u0131 \u015fekerlemeye gidiyor. Sadece mahallemizde y\u0131lda ortalama 70 ton civar\u0131 \u00e7\u0131k\u0131yor.&#8221; diye konu\u015ftu.<\/h3>\n<h3 style=\"text-align: center;\">Hasan \u015eeng\u00fcl de 15 y\u0131ld\u0131r kestane \u00fcreticili\u011fi yapt\u0131\u011f\u0131n\u0131, kestanenin g\u00f6rd\u00fc\u011f\u00fc talepten memnun olduklar\u0131n\u0131 kaydetti.<\/h3>\n<p>&nbsp;<\/p>\n<p><strong>Kaynak:\u00a0AA<\/strong><\/p>\n<p>&nbsp;<\/p>\n<p>&nbsp;<\/p>\n<p>&nbsp;<\/p>\n<p>&nbsp;<\/p>\n","protected":false},"excerpt":{"rendered":"<p>Manisa\u2019n\u0131n Demirci il\u00e7esinde \u00fcreticinin kestane hasad\u0131 mesaisi ba\u015flad\u0131. \u00c7anak\u00e7\u0131, Rahmanlar, Mahmutlar, Yarbasan, Ahatlar, K\u00fcpeler ve Karg\u0131n\u0131\u015f\u0131klar gibi 20 civar\u0131nda mahallede \u00fcretilen kestane hasad\u0131 i\u00e7in \u00e7ift\u00e7iler sabah\u0131n erken saatlerinde tarlalar\u0131na gidiyor. &nbsp; S\u0131r\u0131k yard\u0131m\u0131yla a\u011fa\u00e7lardan d\u00fc\u015f\u00fcr\u00fclen kestane kozalaklar\u0131 teker teker toplan\u0131yor. Yakla\u015f\u0131k 1 ay boyunca kuyularda bekletilen kestaneler, Bursa ba\u015fta olmak \u00fczere \u0130zmir, Ankara ve \u0130stanbul&#8217;dan [&hellip;]<\/p>\n","protected":false},"author":1,"featured_media":1118,"comment_status":"open","ping_status":"open","sticky":false,"template":"","format":"standard","meta":{"_jetpack_memberships_contains_paid_content":false,"footnotes":""},"categories":[3,1],"tags":[32,31,29,16,15,12,21,13,14,22],"class_list":["post-1108","post","type-post","status-publish","format-standard","has-post-thumbnail","hentry","category-ekonomi","category-gundem","tag-manisa","tag-manisa-belediye-haberleri","tag-manisa-ekonomi-haberleri","tag-manisa-gundem","tag-manisa-haber","tag-manisa-haberleri","tag-manisa-sehzadeler-son-dakika","tag-manisa-son-dakika","tag-manisa-yerel-haberler","tag-manisada-son-dakika"],"jetpack_featured_media_url":"https:\/\/yerelses.com.tr\/wp-content\/uploads\/2024\/10\/Hesap-Soracagim-3-1.png","jetpack_sharing_enabled":true,"_links":{"self":[{"href":"https:\/\/yerelses.com.tr\/index.php?rest_route=\/wp\/v2\/posts\/1108","targetHints":{"allow":["GET"]}}],"collection":[{"href":"https:\/\/yerelses.com.tr\/index.php?rest_route=\/wp\/v2\/posts"}],"about":[{"href":"https:\/\/yerelses.com.tr\/index.php?rest_route=\/wp\/v2\/types\/post"}],"author":[{"embeddable":true,"href":"https:\/\/yerelses.com.tr\/index.php?rest_route=\/wp\/v2\/users\/1"}],"replies":[{"embeddable":true,"href":"https:\/\/yerelses.com.tr\/index.php?rest_route=%2Fwp%2Fv2%2Fcomments&post=1108"}],"version-history":[{"count":4,"href":"https:\/\/yerelses.com.tr\/index.php?rest_route=\/wp\/v2\/posts\/1108\/revisions"}],"predecessor-version":[{"id":1116,"href":"https:\/\/yerelses.com.tr\/index.php?rest_route=\/wp\/v2\/posts\/1108\/revisions\/1116"}],"wp:featuredmedia":[{"embeddable":true,"href":"https:\/\/yerelses.com.tr\/index.php?rest_route=\/wp\/v2\/media\/1118"}],"wp:attachment":[{"href":"https:\/\/yerelses.com.tr\/index.php?rest_route=%2Fwp%2Fv2%2Fmedia&parent=1108"}],"wp:term":[{"taxonomy":"category","embeddable":true,"href":"https:\/\/yerelses.com.tr\/index.php?rest_route=%2Fwp%2Fv2%2Fcategories&post=1108"},{"taxonomy":"post_tag","embeddable":true,"href":"https:\/\/yerelses.com.tr\/index.php?rest_route=%2Fwp%2Fv2%2Ftags&post=1108"}],"curies":[{"name":"wp","href":"https:\/\/api.w.org\/{rel}","templated":true}]}}