{"id":1099,"date":"2024-10-09T12:37:34","date_gmt":"2024-10-09T12:37:34","guid":{"rendered":"https:\/\/yerelses.com.tr\/?p=1099"},"modified":"2024-10-10T06:12:56","modified_gmt":"2024-10-10T06:12:56","slug":"mcbulu-profesor-yeni-akrep-turu-kesfetti-kesfettigi-ture-esinin-adini-verdi","status":"publish","type":"post","link":"https:\/\/yerelses.com.tr\/?p=1099","title":{"rendered":"MCB\u00dc\u2019l\u00fc profes\u00f6r yeni akrep t\u00fcr\u00fc ke\u015ffetti\u2026 Ke\u015ffetti\u011fi t\u00fcre e\u015finin ad\u0131n\u0131 verdi!"},"content":{"rendered":"<p><img fetchpriority=\"high\" decoding=\"async\" class=\"aligncenter wp-image-1100 size-full\" src=\"https:\/\/yerelses.com.tr\/wp-content\/uploads\/2024\/10\/mcbulu-profesor-yeni-akrep-turu-kesfetti-kesfettigi-ture-esinin-adini-verdi.webp\" alt=\"\" width=\"1280\" height=\"720\" srcset=\"https:\/\/yerelses.com.tr\/wp-content\/uploads\/2024\/10\/mcbulu-profesor-yeni-akrep-turu-kesfetti-kesfettigi-ture-esinin-adini-verdi.webp 1280w, https:\/\/yerelses.com.tr\/wp-content\/uploads\/2024\/10\/mcbulu-profesor-yeni-akrep-turu-kesfetti-kesfettigi-ture-esinin-adini-verdi-300x169.webp 300w, https:\/\/yerelses.com.tr\/wp-content\/uploads\/2024\/10\/mcbulu-profesor-yeni-akrep-turu-kesfetti-kesfettigi-ture-esinin-adini-verdi-1024x576.webp 1024w, https:\/\/yerelses.com.tr\/wp-content\/uploads\/2024\/10\/mcbulu-profesor-yeni-akrep-turu-kesfetti-kesfettigi-ture-esinin-adini-verdi-768x432.webp 768w\" sizes=\"(max-width: 1280px) 100vw, 1280px\" \/><\/p>\n<p style=\"text-align: center;\">Manisa Celal Bayar \u00dcniversitesi (MCB\u00dc) Ala\u015fehir Meslek Y\u00fcksekokulu \u00d6\u011fretim \u00dcyesi Prof. Dr. Ersen Ayd\u0131n, Konya\u2019n\u0131n Bey\u015fehir il\u00e7esinde yapt\u0131\u011f\u0131 saha \u00e7al\u0131\u015fmalar\u0131nda T\u00fcrkiye\u2019ye \u00f6zg\u00fc yeni bir akrep t\u00fcr\u00fc ke\u015ffetti. Bu ke\u015fif, bilim d\u00fcnyas\u0131nda b\u00fcy\u00fck yank\u0131 uyand\u0131r\u0131rken, Prof. Dr. Ayd\u0131n ke\u015ffedilen t\u00fcre e\u015fi G\u00fclhan\u0131m Ya\u011fmur\u2019un ad\u0131n\u0131 verdi.<\/p>\n<p>&nbsp;<\/p>\n<p><img decoding=\"async\" class=\"aligncenter wp-image-1101 size-full\" src=\"https:\/\/yerelses.com.tr\/wp-content\/uploads\/2024\/10\/a-w304292-01-scaled.webp\" alt=\"\" width=\"2560\" height=\"1920\" srcset=\"https:\/\/yerelses.com.tr\/wp-content\/uploads\/2024\/10\/a-w304292-01-scaled.webp 2560w, https:\/\/yerelses.com.tr\/wp-content\/uploads\/2024\/10\/a-w304292-01-300x225.webp 300w, https:\/\/yerelses.com.tr\/wp-content\/uploads\/2024\/10\/a-w304292-01-1024x768.webp 1024w, https:\/\/yerelses.com.tr\/wp-content\/uploads\/2024\/10\/a-w304292-01-768x576.webp 768w, https:\/\/yerelses.com.tr\/wp-content\/uploads\/2024\/10\/a-w304292-01-1536x1152.webp 1536w, https:\/\/yerelses.com.tr\/wp-content\/uploads\/2024\/10\/a-w304292-01-2048x1536.webp 2048w\" sizes=\"(max-width: 2560px) 100vw, 2560px\" \/><\/p>\n<h1 style=\"text-align: center;\"><strong>K\u0131z\u0131l\u00e7am Ormanlar\u0131nda Rastlad\u0131<\/strong><\/h1>\n<p style=\"text-align: center;\">Prof. Dr. Ersen Ayd\u0131n, Bey\u015fehir\u2019deki k\u0131z\u0131l\u00e7am ormanlar\u0131nda yapt\u0131\u011f\u0131 incelemelerde, Euscorpiidae familyas\u0131 ve Euscorpius cinsine ait olan bu yeni akrep t\u00fcr\u00fcne rastlad\u0131.<\/p>\n<h2 style=\"text-align: center;\"><strong>V\u00fccudu A\u00e7\u0131k Sar\u0131, Chelas\u0131 K\u0131rm\u0131z\u0131ms\u0131 ve Kuyru\u011fu Kahverengi<\/strong><\/h2>\n<p style=\"text-align: center;\">\u201cEuscorpius gulhanimae\u201d ad\u0131 verilen t\u00fcr, v\u00fccudunun a\u00e7\u0131k sar\u0131, chelas\u0131n\u0131n k\u0131rm\u0131z\u0131ms\u0131 ve kuyru\u011funun kahverengi olmas\u0131yla dikkat \u00e7ekiyor. Ayr\u0131ca, patellas\u0131ndaki trichobothri (uzun k\u0131l) say\u0131s\u0131n\u0131n cinsin di\u011fer t\u00fcrlerinden y\u00fcksek olmas\u0131 da bu yeni ke\u015ffi benzersiz k\u0131l\u0131yor.<\/p>\n<p>&nbsp;<\/p>\n<p><img decoding=\"async\" class=\"aligncenter wp-image-1102 size-full\" src=\"https:\/\/yerelses.com.tr\/wp-content\/uploads\/2024\/10\/a-w304292-03-scaled.webp\" alt=\"\" width=\"2560\" height=\"1920\" srcset=\"https:\/\/yerelses.com.tr\/wp-content\/uploads\/2024\/10\/a-w304292-03-scaled.webp 2560w, https:\/\/yerelses.com.tr\/wp-content\/uploads\/2024\/10\/a-w304292-03-300x225.webp 300w, https:\/\/yerelses.com.tr\/wp-content\/uploads\/2024\/10\/a-w304292-03-1024x768.webp 1024w, https:\/\/yerelses.com.tr\/wp-content\/uploads\/2024\/10\/a-w304292-03-768x576.webp 768w, https:\/\/yerelses.com.tr\/wp-content\/uploads\/2024\/10\/a-w304292-03-1536x1152.webp 1536w, https:\/\/yerelses.com.tr\/wp-content\/uploads\/2024\/10\/a-w304292-03-2048x1536.webp 2048w\" sizes=\"(max-width: 2560px) 100vw, 2560px\" \/><\/p>\n<p>&nbsp;<\/p>\n<h2 style=\"text-align: center;\"><strong>Yaln\u0131zca Bey\u015fehir \u00c7evresinde Biliniyor<\/strong><\/h2>\n<p style=\"text-align: center;\">Bu \u00f6nemli ke\u015fif, 19 A\u011fustos 2024 tarihinde ABD\u2019de akrepler \u00fczerine yay\u0131n yapan sayg\u0131n bilim dergisi &#8220;Euscorpius&#8221;ta yay\u0131mland\u0131. Prof. Dr. Ayd\u0131n, T\u00fcrkiye ve \u00e7evre \u00fclkelerdeki akrep t\u00fcrleri \u00fczerinde 21 y\u0131ld\u0131r ara\u015ft\u0131rmalar y\u00fcr\u00fctt\u00fc\u011f\u00fcn\u00fc belirtti. Ayd\u0131n, bu yeni t\u00fcr\u00fcn \u015fu an i\u00e7in yaln\u0131zca Bey\u015fehir \u00e7evresinde bilindi\u011fini ifade etti.<\/p>\n<h2 style=\"text-align: center;\"><strong>E\u015finin Ad\u0131n\u0131 Verdi: \u201cEuscorpius Gulhanimae\u201d<\/strong><\/h2>\n<p style=\"text-align: center;\">Prof. Dr. Ersen Ayd\u0131n, ke\u015ffetti\u011fi t\u00fcre e\u015finin ismini vererek, &#8220;Euscorpius gulhanimae&#8221; ad\u0131yla bilim d\u00fcnyas\u0131na kazand\u0131rd\u0131.<\/p>\n<p style=\"text-align: center;\">Ayr\u0131ca, bu t\u00fcr\u00fcn zehrinin insan sa\u011fl\u0131\u011f\u0131 a\u00e7\u0131s\u0131ndan bir tehlike olu\u015fturmad\u0131\u011f\u0131n\u0131 belirtti. Yeni ke\u015ffedilen akrep t\u00fcr\u00fc, Ala\u015fehir Meslek Y\u00fcksekokulu M\u00fczesi\u2019nde sergileniyor.<\/p>\n<p>&nbsp;<\/p>\n<p><strong>KAYNAK : Manisa Kulis Haber\u00a0<\/strong><\/p>\n<p><strong>Edit\u00f6r : Nuray Bozkurt<\/strong><\/p>\n<p>&nbsp;<\/p>\n<p>&nbsp;<\/p>\n","protected":false},"excerpt":{"rendered":"<p>Manisa Celal Bayar \u00dcniversitesi (MCB\u00dc) Ala\u015fehir Meslek Y\u00fcksekokulu \u00d6\u011fretim \u00dcyesi Prof. Dr. Ersen Ayd\u0131n, Konya\u2019n\u0131n Bey\u015fehir il\u00e7esinde yapt\u0131\u011f\u0131 saha \u00e7al\u0131\u015fmalar\u0131nda T\u00fcrkiye\u2019ye \u00f6zg\u00fc yeni bir akrep t\u00fcr\u00fc ke\u015ffetti. Bu ke\u015fif, bilim d\u00fcnyas\u0131nda b\u00fcy\u00fck yank\u0131 uyand\u0131r\u0131rken, Prof. Dr. Ayd\u0131n ke\u015ffedilen t\u00fcre e\u015fi G\u00fclhan\u0131m Ya\u011fmur\u2019un ad\u0131n\u0131 verdi. &nbsp; K\u0131z\u0131l\u00e7am Ormanlar\u0131nda Rastlad\u0131 Prof. Dr. Ersen Ayd\u0131n, Bey\u015fehir\u2019deki k\u0131z\u0131l\u00e7am ormanlar\u0131nda [&hellip;]<\/p>\n","protected":false},"author":1,"featured_media":1106,"comment_status":"open","ping_status":"open","sticky":false,"template":"","format":"standard","meta":{"_jetpack_memberships_contains_paid_content":false,"footnotes":""},"categories":[11,1],"tags":[32,31,29,16,15,12,21,13,14,22],"class_list":["post-1099","post","type-post","status-publish","format-standard","has-post-thumbnail","hentry","category-dunya","category-gundem","tag-manisa","tag-manisa-belediye-haberleri","tag-manisa-ekonomi-haberleri","tag-manisa-gundem","tag-manisa-haber","tag-manisa-haberleri","tag-manisa-sehzadeler-son-dakika","tag-manisa-son-dakika","tag-manisa-yerel-haberler","tag-manisada-son-dakika"],"jetpack_featured_media_url":"https:\/\/yerelses.com.tr\/wp-content\/uploads\/2024\/10\/Hesap-Soracagim-2.png","jetpack_sharing_enabled":true,"_links":{"self":[{"href":"https:\/\/yerelses.com.tr\/index.php?rest_route=\/wp\/v2\/posts\/1099","targetHints":{"allow":["GET"]}}],"collection":[{"href":"https:\/\/yerelses.com.tr\/index.php?rest_route=\/wp\/v2\/posts"}],"about":[{"href":"https:\/\/yerelses.com.tr\/index.php?rest_route=\/wp\/v2\/types\/post"}],"author":[{"embeddable":true,"href":"https:\/\/yerelses.com.tr\/index.php?rest_route=\/wp\/v2\/users\/1"}],"replies":[{"embeddable":true,"href":"https:\/\/yerelses.com.tr\/index.php?rest_route=%2Fwp%2Fv2%2Fcomments&post=1099"}],"version-history":[{"count":1,"href":"https:\/\/yerelses.com.tr\/index.php?rest_route=\/wp\/v2\/posts\/1099\/revisions"}],"predecessor-version":[{"id":1104,"href":"https:\/\/yerelses.com.tr\/index.php?rest_route=\/wp\/v2\/posts\/1099\/revisions\/1104"}],"wp:featuredmedia":[{"embeddable":true,"href":"https:\/\/yerelses.com.tr\/index.php?rest_route=\/wp\/v2\/media\/1106"}],"wp:attachment":[{"href":"https:\/\/yerelses.com.tr\/index.php?rest_route=%2Fwp%2Fv2%2Fmedia&parent=1099"}],"wp:term":[{"taxonomy":"category","embeddable":true,"href":"https:\/\/yerelses.com.tr\/index.php?rest_route=%2Fwp%2Fv2%2Fcategories&post=1099"},{"taxonomy":"post_tag","embeddable":true,"href":"https:\/\/yerelses.com.tr\/index.php?rest_route=%2Fwp%2Fv2%2Ftags&post=1099"}],"curies":[{"name":"wp","href":"https:\/\/api.w.org\/{rel}","templated":true}]}}