{"id":1055,"date":"2024-10-04T14:57:23","date_gmt":"2024-10-04T14:57:23","guid":{"rendered":"https:\/\/yerelses.com.tr\/?p=1055"},"modified":"2024-10-08T07:28:31","modified_gmt":"2024-10-08T07:28:31","slug":"baskan-durbay-iddialara-yanit-verdi","status":"publish","type":"post","link":"https:\/\/yerelses.com.tr\/?p=1055","title":{"rendered":"Ba\u015fkan Durbay iddialara yan\u0131t verdi"},"content":{"rendered":"<h4 style=\"text-align: center;\">\u015eehzadeler Belediye Ba\u015fkan\u0131 G\u00fcl\u015fah Durbay, hastal\u0131\u011f\u0131yla ilgili son geli\u015fmeleri kamuoyuyla payla\u015farak, g\u00fcndemdeki iddialara da cevap verdi. Ge\u00e7ti\u011fimiz ay kolon kanseri oldu\u011funu \u00f6\u011frendi\u011fini ve ilk kemoterapiyi ald\u0131\u011f\u0131 g\u00fcn hakk\u0131nda yaz\u0131lan iftiralarla kar\u015f\u0131 kar\u015f\u0131ya kald\u0131\u011f\u0131n\u0131 belirten Durbay, \u201cBu ac\u0131y\u0131 asla unutmayacak, bu al\u00e7akl\u0131\u011f\u0131 asla affetmeyece\u011fim\u201d dedi.<\/h4>\n<h4 style=\"text-align: center;\"><\/h4>\n<h4 style=\"text-align: center;\">Durbay, yapt\u0131\u011f\u0131 a\u00e7\u0131klamada 4 Eyl\u00fcl tarihinde kolon kanseri oldu\u011funu \u00f6\u011frendi\u011fini ve hastal\u0131\u011f\u0131 ile ilgili a\u00e7\u0131klamay\u0131 karde\u015finin riskli bir hamilelik d\u00f6nemi ge\u00e7irmesinden dolay\u0131 erteledi\u011fini ifade etti.<\/h4>\n<h4 style=\"text-align: center;\">Kemoterapi tedavisine d\u00fcn ba\u015flad\u0131\u011f\u0131n\u0131 ve ayn\u0131 g\u00fcn hakk\u0131nda yap\u0131lan al\u00e7ak\u00e7a iftiralar ile kar\u015f\u0131la\u015ft\u0131\u011f\u0131n\u0131 kaydeden Ba\u015fkan Durbay, hastal\u0131\u011f\u0131n\u0131n son durumu ve hakk\u0131ndaki iftiralarla ilgili kamuoyuna \u015fu a\u00e7\u0131klamada bulundu:<\/h4>\n<h4 style=\"text-align: center;\"><\/h4>\n<h4 style=\"text-align: center;\">\u201c2 A\u011fustos g\u00fcn\u00fc, 2008 y\u0131l\u0131ndan beri ya\u015fad\u0131\u011f\u0131m bir ba\u011f\u0131rsak rahats\u0131zl\u0131\u011f\u0131 nedeniyle \u0130zmir Dokuz Eyl\u00fcl \u00dcniversitesi Hastanesi\u2019nde Do\u00e7ent Doktor Tayfun Bi\u015fkin taraf\u0131ndan yap\u0131lan bir ba\u011f\u0131rsak operasyonu ge\u00e7irdim. Operasyondan sonra ya\u015fad\u0131\u011f\u0131m s\u0131k\u0131nt\u0131lardan kurtuldum, g\u00f6revimin ba\u015f\u0131na eskisinden daha iyi bir \u015fekilde d\u00f6nd\u00fcm. Fakat ge\u00e7ti\u011fimiz ay, 4 Eyl\u00fcl g\u00fcn\u00fc, gelen patoloji raporunda kolon kanseri oldu\u011fumu \u00f6\u011frendim. Gerek ameliyat\u0131m gerek ameliyat sonras\u0131 sa\u011fl\u0131k durumumun iyi olmas\u0131 nedeniyle sonu\u00e7 ne benim ne de doktorlar\u0131m\u0131n bekledi\u011fi bir \u015feyde\u011fildi. Zira yukar\u0131da da belirtti\u011fim gibi doktorumun da oluruyla son derece sa\u011fl\u0131kl\u0131 bir \u015fekilde hi\u00e7 bir \u015fikayetim olmadan g\u00f6revime ba\u015flam\u0131\u015ft\u0131m.<\/h4>\n<h2 style=\"text-align: center;\">\u201cBunun Ac\u0131s\u0131n\u0131 Asla Unutmayaca\u011f\u0131m, Asla Affetmeyece\u011fim\u201d<\/h2>\n<p style=\"text-align: center;\">Te\u015fhis sonras\u0131 t\u00fcm uzman kadrolarla hem g\u00f6revimi en g\u00fc\u00e7l\u00fc \u015fekilde devam ettirmek hem de en iyi tedaviyi alabilmek ad\u0131na de\u011ferlendirmelerde bulunduk. T\u00fcm s\u00fcreci \u015feffaf bir \u015fekilde sizlerle payla\u015fmak istiyordum fakat k\u0131z karde\u015fim riskli bir hamilelik ge\u00e7irdi\u011fi ve erken do\u011fum riski olmas\u0131 nedeniyle a\u00e7\u0131klama yapmay\u0131 onun ve do\u011facak olan ye\u011fenimin sa\u011fl\u0131\u011f\u0131n\u0131 etkilememesi ad\u0131na erteledim.<\/p>\n<p style=\"text-align: center;\">Bana al\u00e7ak\u00e7a iftiralar atanlar y\u00fcz\u00fcnden d\u00fcn \u0130zmir Medicana Hastanesinde ilk kemoterapimi al\u0131rken, ailem bu haberler nedeniyle apar topar \u0130stanbul\u2019a karde\u015fimin yan\u0131na gidip durumu a\u00e7\u0131klamak zorunda kald\u0131. Kendi hastal\u0131\u011f\u0131m\u0131 karn\u0131 burnunda bebek bekleyen karde\u015fime kendim a\u00e7\u0131klayamad\u0131m. Kendisiyle konu\u015famad\u0131m. Bunun ac\u0131s\u0131n\u0131 asla unutmayaca\u011f\u0131m, asla affetmeyece\u011fim!<\/p>\n<h2 style=\"text-align: center;\">\u201cPlanl\u0131 Bir \u015eekilde \u0130ftira Ve Yalanlara Maruz B\u0131rak\u0131ld\u0131m\u201d<\/h2>\n<p style=\"text-align: center;\">Ameliyat oldu\u011fum g\u00fcnden bu yana, organize olmu\u015f haz\u0131ms\u0131z bir grup taraf\u0131ndan, planl\u0131 bir \u015fekilde pek \u00e7ok iftiraya ve yalana maruz kald\u0131m. Ge\u00e7ti\u011fimiz g\u00fcn ise bir al\u00e7ak taraf\u0131ndan son derece \u00e7irkin, ipe sapa gelmez, ba\u015ftan sona yalanlarla dolu bir yaz\u0131 dola\u015f\u0131ma sokularak ben, ailem ve Say\u0131n Genel Ba\u015fkan\u0131m hedef g\u00f6sterildi, iftiraya u\u011frad\u0131.<\/p>\n<h2 style=\"text-align: center;\">\u201c100\u2019den Fazla Ki\u015fi Ve Kurum Taraf\u0131mca Mahkemeye Verildi\u201d<\/h2>\n<p style=\"text-align: center;\">\u015eunu a\u00e7\u0131k\u00e7a ifade etmek isterim ki d\u00fcnden beri 100\u2019den fazla ki\u015fi ve kurum taraf\u0131mca mahkemeye verildi. Bu al\u00e7aklardan hukuk \u00f6n\u00fcnde hesap sorup, hepsini tek tek mahkum ettirece\u011fim. Mahkemeye verildi\u011fini \u00f6\u011frenen baz\u0131lar\u0131 derhal yaz\u0131lar\u0131n\u0131 kald\u0131rd\u0131 ve benimle ileti\u015fim kurmaya \u00e7al\u0131\u015f\u0131p \u00f6z\u00fcr mesajlar\u0131 g\u00f6nderdiler. Bu saatten sonra hi\u00e7 bir \u00f6zr\u00fcn benim ve ailem nezdinde k\u0131ymeti yoktur. Hakk\u0131mda bu adice iftiralar\u0131 atanlar, mahkum olacaklard\u0131r.<\/p>\n<h2 style=\"text-align: center;\">\u201cBu Kirli Ve Hastal\u0131kl\u0131 Zihniyet Yenilmeye Mahkumdur\u201d<\/h2>\n<p style=\"text-align: center;\">Ne ac\u0131d\u0131r ki biz kad\u0131nlar, bu toplumda sadece fiziki \u015fiddet, taciz ve cinayetle kar\u015f\u0131 kar\u015f\u0131ya kalm\u0131yor. B\u00f6ylesi vicdans\u0131z erkek egemen siyasi hesapla\u015fmalarla da hedef al\u0131n\u0131yoruz. Herkes bilsin, herkes duysun ki, bu kirli ve hastal\u0131kl\u0131 zihniyet yenilmeye mahkumdur.<\/p>\n<h2 style=\"text-align: center;\">\u201cA\u015fa\u011f\u0131l\u0131k Yalanlar\u0131 Yayanlara Ve Bundan Medet Umanlara Meydan\u0131 Bo\u015f B\u0131rakmayaca\u011f\u0131m\u201d<\/h2>\n<p style=\"text-align: center;\">D\u00fcn itibari ile, tedavim 2 haftada 1 kez olacak \u015fekilde ba\u015flam\u0131\u015f durumda. Bir yandan bu hastal\u0131k illetiyle m\u00fccadele edip tekrar sa\u011fl\u0131\u011f\u0131ma kavu\u015facak, bir yandan da bu ne id\u00fc\u011f\u00fc belirsizlerden bu yapt\u0131klar\u0131n\u0131n hesab\u0131n\u0131 soraca\u011f\u0131m. Siyasi h\u0131rslar\u0131 i\u00e7in b\u00f6ylesine seviyesiz ve a\u015fa\u011f\u0131l\u0131k yalanlar\u0131 yayanlara ve bundan medet umanlara meydan\u0131 bo\u015f b\u0131rakmayaca\u011f\u0131m.Partimi ve beni b\u00f6yle \u00e7irkin iftiralarla karalamak isteyenler g\u00fcn\u00fcn sonunda bunun hesab\u0131n\u0131 yarg\u0131 \u00f6n\u00fcnde ve daha da \u00f6nemlisi milletin vicdan\u0131nda \u00e7ok a\u011f\u0131r bir \u015fekilde verecekler.<\/p>\n<h2 style=\"text-align: center;\">\u201cEn B\u00fcy\u00fck Te\u015fekk\u00fcr\u00fcm De\u011ferli Genel Ba\u015fkan\u0131m Say\u0131n \u00d6zg\u00fcr \u00d6zel Ve K\u0131ymetli E\u015fi Didem Ablama\u201d<\/h2>\n<p style=\"text-align: center;\">D\u00fcnden beri telefonuma, sosyal medyama, binlerce arama ve mesaj geldi. Bana ula\u015famayanlar, arkada\u015flar\u0131m\u0131 arad\u0131. Hepsi sonsuz desteklerini iletti, yan\u0131mda olduklar\u0131n\u0131 s\u00f6yledi. 36 y\u0131ll\u0131k hayat\u0131mda hep do\u011fru insanlarla tesad\u00fcf etmi\u015fim, kendimle gurur duydum. Bu \u00e7irkin iftiraya paye vermeyip, bana g\u00fc\u00e7 verdiniz, hastal\u0131\u011f\u0131m\u0131 bilmeden bana b\u00fcy\u00fck moral oldunuz. Hepinize ayr\u0131 ayr\u0131 te\u015fekk\u00fcr ediyorum.<\/p>\n<p style=\"text-align: center;\">En b\u00fcy\u00fck te\u015fekk\u00fcr\u00fcm de, hastal\u0131\u011f\u0131m\u0131 \u00f6\u011frendi\u011fi g\u00fcnden itibaren bana en b\u00fcy\u00fck deste\u011fi veren, y\u0131llard\u0131r beraber yol y\u00fcr\u00fcmekten onur ve gurur duydu\u011fum de\u011ferli Genel Ba\u015fkan\u0131m Say\u0131n \u00d6zg\u00fcr \u00d6zel ve k\u0131ymetli e\u015fi Didem Ablama. Desteklerinizi \u00f6mr\u00fcm\u00fcn sonuna kadar kalbimin \u00fczerinde ta\u015f\u0131yaca\u011f\u0131m.<\/p>\n<div id=\"ad_121\" style=\"text-align: center;\" data-pagespeed=\"true\" data-advert=\"temedya\" data-channel=\"121\"><\/div>\n<h2 style=\"text-align: center;\">\u201cBirlikte \u0130yile\u015fecek Birlikte G\u00fc\u00e7lenece\u011fiz\u201d<\/h2>\n<p style=\"text-align: center;\">De\u011ferli dostlar\u0131m, k\u0131ymetli hem\u015ferilerim, sizlerin destekleriyle Manisa tarihinde bir ilki ba\u015fard\u0131k, 36 ya\u015f\u0131ndayken Manisa\u2019n\u0131n ilk kad\u0131n belediye ba\u015fkan\u0131 olma gururunu ya\u015fad\u0131m. Yine sizlerin destekleriyle bu illeti de atlataca\u011f\u0131m. \u015euan kendimi \u00e7ok daha iyi ve g\u00fc\u00e7l\u00fc hissediyorum, beyaz ka\u011f\u0131da yaz\u0131l\u0131 test sonu\u00e7lar\u0131n\u0131n bana hastas\u0131n demesini umursamadan, \u015eehzadeler\u2019e hizmet edecek, destekleriniz ve sevginiz sayesinde bu hastal\u0131\u011f\u0131 yenece\u011fim. Birlikte iyile\u015fecek, birlikte g\u00fc\u00e7lenece\u011fiz. Hepinizi \u00e7ok seviyorum!\u201d<\/p>\n<div class=\"card border-0 mb-3\" style=\"text-align: center;\">\n<div class=\"article-text container-padding\" data-text-id=\"157745\">\n<div class=\"article-source py-3 border-top small\"><strong><span class=\"source-name pe-3\">Kaynak:\u00a0Haber Merkezi<\/span><\/strong><\/div>\n<div id=\"ad_138\" data-pagespeed=\"true\" data-channel=\"138\" data-advert=\"temedya\"><\/div>\n<\/div>\n<\/div>\n<div class=\"related-news my-3 bg-white p-3\">\n<div class=\"section-title d-flex mb-3 align-items-center\" style=\"text-align: center;\"><\/div>\n<\/div>\n","protected":false},"excerpt":{"rendered":"<p>\u015eehzadeler Belediye Ba\u015fkan\u0131 G\u00fcl\u015fah Durbay, hastal\u0131\u011f\u0131yla ilgili son geli\u015fmeleri kamuoyuyla payla\u015farak, g\u00fcndemdeki iddialara da cevap verdi. Ge\u00e7ti\u011fimiz ay kolon kanseri oldu\u011funu \u00f6\u011frendi\u011fini ve ilk kemoterapiyi ald\u0131\u011f\u0131 g\u00fcn hakk\u0131nda yaz\u0131lan iftiralarla kar\u015f\u0131 kar\u015f\u0131ya kald\u0131\u011f\u0131n\u0131 belirten Durbay, \u201cBu ac\u0131y\u0131 asla unutmayacak, bu al\u00e7akl\u0131\u011f\u0131 asla affetmeyece\u011fim\u201d dedi. Durbay, yapt\u0131\u011f\u0131 a\u00e7\u0131klamada 4 Eyl\u00fcl tarihinde kolon kanseri oldu\u011funu \u00f6\u011frendi\u011fini ve [&hellip;]<\/p>\n","protected":false},"author":1,"featured_media":1056,"comment_status":"open","ping_status":"open","sticky":false,"template":"","format":"standard","meta":{"_jetpack_memberships_contains_paid_content":false,"footnotes":""},"categories":[8],"tags":[32,31,16,15,12,21,13,14,22],"class_list":["post-1055","post","type-post","status-publish","format-standard","has-post-thumbnail","hentry","category-siyaset","tag-manisa","tag-manisa-belediye-haberleri","tag-manisa-gundem","tag-manisa-haber","tag-manisa-haberleri","tag-manisa-sehzadeler-son-dakika","tag-manisa-son-dakika","tag-manisa-yerel-haberler","tag-manisada-son-dakika"],"jetpack_featured_media_url":"https:\/\/yerelses.com.tr\/wp-content\/uploads\/2024\/10\/Hesap-Soracagim.png","jetpack_sharing_enabled":true,"_links":{"self":[{"href":"https:\/\/yerelses.com.tr\/index.php?rest_route=\/wp\/v2\/posts\/1055","targetHints":{"allow":["GET"]}}],"collection":[{"href":"https:\/\/yerelses.com.tr\/index.php?rest_route=\/wp\/v2\/posts"}],"about":[{"href":"https:\/\/yerelses.com.tr\/index.php?rest_route=\/wp\/v2\/types\/post"}],"author":[{"embeddable":true,"href":"https:\/\/yerelses.com.tr\/index.php?rest_route=\/wp\/v2\/users\/1"}],"replies":[{"embeddable":true,"href":"https:\/\/yerelses.com.tr\/index.php?rest_route=%2Fwp%2Fv2%2Fcomments&post=1055"}],"version-history":[{"count":4,"href":"https:\/\/yerelses.com.tr\/index.php?rest_route=\/wp\/v2\/posts\/1055\/revisions"}],"predecessor-version":[{"id":1092,"href":"https:\/\/yerelses.com.tr\/index.php?rest_route=\/wp\/v2\/posts\/1055\/revisions\/1092"}],"wp:featuredmedia":[{"embeddable":true,"href":"https:\/\/yerelses.com.tr\/index.php?rest_route=\/wp\/v2\/media\/1056"}],"wp:attachment":[{"href":"https:\/\/yerelses.com.tr\/index.php?rest_route=%2Fwp%2Fv2%2Fmedia&parent=1055"}],"wp:term":[{"taxonomy":"category","embeddable":true,"href":"https:\/\/yerelses.com.tr\/index.php?rest_route=%2Fwp%2Fv2%2Fcategories&post=1055"},{"taxonomy":"post_tag","embeddable":true,"href":"https:\/\/yerelses.com.tr\/index.php?rest_route=%2Fwp%2Fv2%2Ftags&post=1055"}],"curies":[{"name":"wp","href":"https:\/\/api.w.org\/{rel}","templated":true}]}}