{"id":1042,"date":"2024-10-04T14:44:34","date_gmt":"2024-10-04T14:44:34","guid":{"rendered":"https:\/\/yerelses.com.tr\/?p=1042"},"modified":"2024-10-08T07:38:14","modified_gmt":"2024-10-08T07:38:14","slug":"manisada-korkutan-kaza-sans-eseri-kurtuldu","status":"publish","type":"post","link":"https:\/\/yerelses.com.tr\/?p=1042","title":{"rendered":"Manisa\u2019da korkutan kaza\u2026 \u015eans eseri kurtuldu"},"content":{"rendered":"<h3 style=\"text-align: center;\">Manisa\u2019n\u0131n Kula il\u00e7esinde seyir halindeki ka\u011f\u0131t bobinleri y\u00fckl\u00fc t\u0131r\u0131n ayn\u0131 y\u00f6nde giden bir otomobile \u00e7arpmamak i\u00e7in manevra yapmas\u0131yla, t\u0131rda y\u00fckl\u00fc ka\u011f\u0131t bobinleri yola savruldu. Ani manevran\u0131n etkisiyle yola savrulan bobinlerden biri, bir otomobilin \u00fczerine d\u00fc\u015ft\u00fc. \u015eans eseri ara\u00e7 s\u00fcr\u00fcc\u00fcs\u00fc kazay\u0131 yara almadan atlat\u0131rken, facian\u0131n e\u015fi\u011finden d\u00f6n\u00fclen kazada otomobil kullan\u0131lamaz hale geldi.<\/h3>\n<p>&nbsp;<\/p>\n<p><img fetchpriority=\"high\" decoding=\"async\" class=\"aligncenter wp-image-1044 size-full\" src=\"https:\/\/yerelses.com.tr\/wp-content\/uploads\/2024\/10\/a-w301329-01.webp\" alt=\"\" width=\"1500\" height=\"1000\" srcset=\"https:\/\/yerelses.com.tr\/wp-content\/uploads\/2024\/10\/a-w301329-01.webp 1500w, https:\/\/yerelses.com.tr\/wp-content\/uploads\/2024\/10\/a-w301329-01-300x200.webp 300w, https:\/\/yerelses.com.tr\/wp-content\/uploads\/2024\/10\/a-w301329-01-1024x683.webp 1024w, https:\/\/yerelses.com.tr\/wp-content\/uploads\/2024\/10\/a-w301329-01-768x512.webp 768w\" sizes=\"(max-width: 1500px) 100vw, 1500px\" \/><\/p>\n<h3><\/h3>\n<h3>Kaza, saat 14.00 s\u0131ralar\u0131nda \u0130zmir-Ankara D300 karayolu Hisarkap\u0131 kav\u015fa\u011f\u0131nda meydana geldi. Edinilen bilgiye g\u00f6re \u0130zmir\u2019den U\u015fak istikametine do\u011fru seyir halinde olan Levent Kelezo\u011flu idaresindeki 06 DYB 807 \u00e7ekici plakal\u0131 ka\u011f\u0131t bobinleri y\u00fckl\u00fc t\u0131r, Hisarkap\u0131 kav\u015fa\u011f\u0131ndaki trafik \u0131\u015f\u0131klar\u0131na yakla\u015ft\u0131\u011f\u0131nda ayn\u0131 y\u00f6nde giden Mehmet Kadri G\u00f6ral y\u00f6netimindeki 35 BLZ 801 plakal\u0131 otomobilin fren yapmas\u0131 sonucu otomobile \u00e7arpmamak i\u00e7in ani manevra yapt\u0131. \u00d6n\u00fcnde seyreden otomobile \u00e7arpmaktan kurtulan t\u0131rda y\u00fckl\u00fc ka\u011f\u0131t bobinleri, ani manevran\u0131n etkisiyle yola savrulurken, bobinlerden bir tanesi Mehmet Kadri G\u00f6ral idaresindeki 35 BLZ 801 plakal\u0131 arac\u0131n \u00fczerinde d\u00fc\u015ft\u00fc. Otomobil s\u00fcr\u00fcc\u00fcs\u00fc, bobinin arka koltuk taraf\u0131na d\u00fc\u015fmesiyle \u015fans eseri kazay\u0131 yara almadan atlat\u0131rken, otomobilde ba\u015fka bir yolcunun olmamas\u0131 ise b\u00fcy\u00fck bir faciay\u0131 \u00f6nledi.<\/h3>\n<p>&nbsp;<\/p>\n<p><img decoding=\"async\" class=\"aligncenter wp-image-1045 size-full\" src=\"https:\/\/yerelses.com.tr\/wp-content\/uploads\/2024\/10\/a-w301329-03.webp\" alt=\"\" width=\"1500\" height=\"1000\" srcset=\"https:\/\/yerelses.com.tr\/wp-content\/uploads\/2024\/10\/a-w301329-03.webp 1500w, https:\/\/yerelses.com.tr\/wp-content\/uploads\/2024\/10\/a-w301329-03-300x200.webp 300w, https:\/\/yerelses.com.tr\/wp-content\/uploads\/2024\/10\/a-w301329-03-1024x683.webp 1024w, https:\/\/yerelses.com.tr\/wp-content\/uploads\/2024\/10\/a-w301329-03-768x512.webp 768w\" sizes=\"(max-width: 1500px) 100vw, 1500px\" \/><\/p>\n<p>&nbsp;<\/p>\n<h3>\u00d6te yandan, kaza ihbar\u0131n\u0131n ard\u0131ndan olay yerine polis ekipleri y\u00f6nlendirildi. Kaza sebebiyle \u0130zmir-Ankara D300 karayolunun U\u015fak istikameti bir s\u00fcre trafi\u011fe kapal\u0131 kal\u0131rken, kazaya kar\u0131\u015fan ara\u00e7lar ve yola savrulan ka\u011f\u0131t bobinlerinin yoldan kald\u0131r\u0131lmas\u0131yla trafik normal seyrine d\u00f6nd\u00fc. Kaza ile ilgili soru\u015fturma ba\u015flat\u0131ld\u0131.<\/h3>\n<div class=\"card border-0 mb-3\">\n<div class=\"article-text container-padding\" data-text-id=\"157746\">\n<div class=\"article-source py-3 border-top small\"><strong><span class=\"source-name pe-3\">Kaynak:\u00a0\u0130HA<\/span><\/strong><\/div>\n<div id=\"ad_138\" data-pagespeed=\"true\" data-channel=\"138\" data-advert=\"temedya\"><\/div>\n<\/div>\n<\/div>\n<div class=\"related-news my-3 bg-white p-3\">\n<div class=\"section-title d-flex mb-3 align-items-center\"><\/div>\n<\/div>\n","protected":false},"excerpt":{"rendered":"<p>Manisa\u2019n\u0131n Kula il\u00e7esinde seyir halindeki ka\u011f\u0131t bobinleri y\u00fckl\u00fc t\u0131r\u0131n ayn\u0131 y\u00f6nde giden bir otomobile \u00e7arpmamak i\u00e7in manevra yapmas\u0131yla, t\u0131rda y\u00fckl\u00fc ka\u011f\u0131t bobinleri yola savruldu. Ani manevran\u0131n etkisiyle yola savrulan bobinlerden biri, bir otomobilin \u00fczerine d\u00fc\u015ft\u00fc. \u015eans eseri ara\u00e7 s\u00fcr\u00fcc\u00fcs\u00fc kazay\u0131 yara almadan atlat\u0131rken, facian\u0131n e\u015fi\u011finden d\u00f6n\u00fclen kazada otomobil kullan\u0131lamaz hale geldi. &nbsp; Kaza, saat 14.00 [&hellip;]<\/p>\n","protected":false},"author":1,"featured_media":1043,"comment_status":"open","ping_status":"open","sticky":false,"template":"","format":"standard","meta":{"_jetpack_memberships_contains_paid_content":false,"footnotes":""},"categories":[9,2],"tags":[32,31,16,15,12,21,13,14,22],"class_list":["post-1042","post","type-post","status-publish","format-standard","has-post-thumbnail","hentry","category-asayis","category-sondk","tag-manisa","tag-manisa-belediye-haberleri","tag-manisa-gundem","tag-manisa-haber","tag-manisa-haberleri","tag-manisa-sehzadeler-son-dakika","tag-manisa-son-dakika","tag-manisa-yerel-haberler","tag-manisada-son-dakika"],"jetpack_featured_media_url":"https:\/\/yerelses.com.tr\/wp-content\/uploads\/2024\/10\/Adsiz-tasarim-8.png","jetpack_sharing_enabled":true,"_links":{"self":[{"href":"https:\/\/yerelses.com.tr\/index.php?rest_route=\/wp\/v2\/posts\/1042","targetHints":{"allow":["GET"]}}],"collection":[{"href":"https:\/\/yerelses.com.tr\/index.php?rest_route=\/wp\/v2\/posts"}],"about":[{"href":"https:\/\/yerelses.com.tr\/index.php?rest_route=\/wp\/v2\/types\/post"}],"author":[{"embeddable":true,"href":"https:\/\/yerelses.com.tr\/index.php?rest_route=\/wp\/v2\/users\/1"}],"replies":[{"embeddable":true,"href":"https:\/\/yerelses.com.tr\/index.php?rest_route=%2Fwp%2Fv2%2Fcomments&post=1042"}],"version-history":[{"count":1,"href":"https:\/\/yerelses.com.tr\/index.php?rest_route=\/wp\/v2\/posts\/1042\/revisions"}],"predecessor-version":[{"id":1046,"href":"https:\/\/yerelses.com.tr\/index.php?rest_route=\/wp\/v2\/posts\/1042\/revisions\/1046"}],"wp:featuredmedia":[{"embeddable":true,"href":"https:\/\/yerelses.com.tr\/index.php?rest_route=\/wp\/v2\/media\/1043"}],"wp:attachment":[{"href":"https:\/\/yerelses.com.tr\/index.php?rest_route=%2Fwp%2Fv2%2Fmedia&parent=1042"}],"wp:term":[{"taxonomy":"category","embeddable":true,"href":"https:\/\/yerelses.com.tr\/index.php?rest_route=%2Fwp%2Fv2%2Fcategories&post=1042"},{"taxonomy":"post_tag","embeddable":true,"href":"https:\/\/yerelses.com.tr\/index.php?rest_route=%2Fwp%2Fv2%2Ftags&post=1042"}],"curies":[{"name":"wp","href":"https:\/\/api.w.org\/{rel}","templated":true}]}}