{"id":1006,"date":"2024-10-04T14:15:34","date_gmt":"2024-10-04T14:15:34","guid":{"rendered":"https:\/\/yerelses.com.tr\/?p=1006"},"modified":"2024-10-08T07:49:01","modified_gmt":"2024-10-08T07:49:01","slug":"manisada-otomotiv-devi-byd-icin-calismalar-basladi","status":"publish","type":"post","link":"https:\/\/yerelses.com.tr\/?p=1006","title":{"rendered":"Manisa\u2019da otomotiv devi BYD i\u00e7in \u00e7al\u0131\u015fmalar ba\u015flad\u0131!"},"content":{"rendered":"<h3 class=\"h2 fw-bold text-lg-start headline my-2\" style=\"text-align: center;\">Cumhurba\u015fkan\u0131 Recep Tayyip Erdo\u011fan&#8217;\u0131n \u00f6nc\u00fcl\u00fc\u011f\u00fcnde d\u00fcnyan\u0131n en b\u00fcy\u00fck elektrikli ara\u00e7 \u00fcreticisi \u00c7inli BYD firmas\u0131 ile Sanayi ve Teknoloji Bakanl\u0131\u011f\u0131 aras\u0131nda, ge\u00e7ti\u011fimiz temmuz ay\u0131nda s\u00f6zle\u015fme imzalanm\u0131\u015f, bu anla\u015fma d\u00fcnya otomotiv sekt\u00f6r\u00fcnde b\u00fcy\u00fck yank\u0131 uyand\u0131rm\u0131\u015ft\u0131.<\/h3>\n<p>&nbsp;<\/p>\n<p><img fetchpriority=\"high\" decoding=\"async\" class=\"aligncenter wp-image-1008 size-full\" src=\"https:\/\/yerelses.com.tr\/wp-content\/uploads\/2024\/10\/a-w300859-04.webp\" alt=\"\" width=\"2400\" height=\"1350\" srcset=\"https:\/\/yerelses.com.tr\/wp-content\/uploads\/2024\/10\/a-w300859-04.webp 2400w, https:\/\/yerelses.com.tr\/wp-content\/uploads\/2024\/10\/a-w300859-04-300x169.webp 300w, https:\/\/yerelses.com.tr\/wp-content\/uploads\/2024\/10\/a-w300859-04-1024x576.webp 1024w, https:\/\/yerelses.com.tr\/wp-content\/uploads\/2024\/10\/a-w300859-04-768x432.webp 768w, https:\/\/yerelses.com.tr\/wp-content\/uploads\/2024\/10\/a-w300859-04-1536x864.webp 1536w, https:\/\/yerelses.com.tr\/wp-content\/uploads\/2024\/10\/a-w300859-04-2048x1152.webp 2048w\" sizes=\"(max-width: 2400px) 100vw, 2400px\" \/><\/p>\n<h1><strong>20 B\u0130N K\u0130\u015e\u0130YE \u0130ST\u0130HDAM SA\u011eLANACAK<\/strong><\/h1>\n<h3><strong>Do\u011frudan 5 bin, dolayl\u0131 olarak 20 bin ki\u015fiye istihdam sa\u011flamas\u0131 beklenen yat\u0131r\u0131mla ilgili bir televizyon program\u0131nda bilgi veren Sanayi ve Teknoloji Bakan\u0131 Mehmet Fatih Kac\u0131r, \u201cTesisler 2026&#8217;da \u00fcretime ba\u015flayacak, imzalar at\u0131ld\u0131. Manisa OSB&#8217;de yer tahsis s\u00fcreci tamamland\u0131. Fabrika in\u015faat\u0131na ili\u015fkin izin ba\u015fvurular\u0131 ger\u00e7ekle\u015ftirildi\u201d dedi.<\/strong><\/h3>\n<p><img decoding=\"async\" class=\"aligncenter wp-image-1009 size-full\" src=\"https:\/\/yerelses.com.tr\/wp-content\/uploads\/2024\/10\/a-w300859-03.webp\" alt=\"\" width=\"2400\" height=\"1350\" srcset=\"https:\/\/yerelses.com.tr\/wp-content\/uploads\/2024\/10\/a-w300859-03.webp 2400w, https:\/\/yerelses.com.tr\/wp-content\/uploads\/2024\/10\/a-w300859-03-300x169.webp 300w, https:\/\/yerelses.com.tr\/wp-content\/uploads\/2024\/10\/a-w300859-03-1024x576.webp 1024w, https:\/\/yerelses.com.tr\/wp-content\/uploads\/2024\/10\/a-w300859-03-768x432.webp 768w, https:\/\/yerelses.com.tr\/wp-content\/uploads\/2024\/10\/a-w300859-03-1536x864.webp 1536w, https:\/\/yerelses.com.tr\/wp-content\/uploads\/2024\/10\/a-w300859-03-2048x1152.webp 2048w\" sizes=\"(max-width: 2400px) 100vw, 2400px\" \/><\/p>\n<p>&nbsp;<\/p>\n<div class=\"card border-0 mb-3\">\n<div class=\"article-text container-padding\" data-text-id=\"157716\">\n<div class=\"article-source py-3 border-top small\"><strong><span class=\"source-name pe-3\">Kaynak:\u00a0\u0130HA<\/span><\/strong><\/div>\n<div id=\"ad_138\" data-pagespeed=\"true\" data-channel=\"138\" data-advert=\"temedya\"><\/div>\n<\/div>\n<\/div>\n<div class=\"related-news my-3 bg-white p-3\">\n<div class=\"section-title d-flex mb-3 align-items-center\"><\/div>\n<\/div>\n","protected":false},"excerpt":{"rendered":"<p>Cumhurba\u015fkan\u0131 Recep Tayyip Erdo\u011fan&#8217;\u0131n \u00f6nc\u00fcl\u00fc\u011f\u00fcnde d\u00fcnyan\u0131n en b\u00fcy\u00fck elektrikli ara\u00e7 \u00fcreticisi \u00c7inli BYD firmas\u0131 ile Sanayi ve Teknoloji Bakanl\u0131\u011f\u0131 aras\u0131nda, ge\u00e7ti\u011fimiz temmuz ay\u0131nda s\u00f6zle\u015fme imzalanm\u0131\u015f, bu anla\u015fma d\u00fcnya otomotiv sekt\u00f6r\u00fcnde b\u00fcy\u00fck yank\u0131 uyand\u0131rm\u0131\u015ft\u0131. &nbsp; 20 B\u0130N K\u0130\u015e\u0130YE \u0130ST\u0130HDAM SA\u011eLANACAK Do\u011frudan 5 bin, dolayl\u0131 olarak 20 bin ki\u015fiye istihdam sa\u011flamas\u0131 beklenen yat\u0131r\u0131mla ilgili bir televizyon program\u0131nda [&hellip;]<\/p>\n","protected":false},"author":1,"featured_media":1007,"comment_status":"open","ping_status":"open","sticky":false,"template":"","format":"standard","meta":{"_jetpack_memberships_contains_paid_content":false,"footnotes":""},"categories":[3],"tags":[32,31,29,16,15,12,21,13,14,22],"class_list":["post-1006","post","type-post","status-publish","format-standard","has-post-thumbnail","hentry","category-ekonomi","tag-manisa","tag-manisa-belediye-haberleri","tag-manisa-ekonomi-haberleri","tag-manisa-gundem","tag-manisa-haber","tag-manisa-haberleri","tag-manisa-sehzadeler-son-dakika","tag-manisa-son-dakika","tag-manisa-yerel-haberler","tag-manisada-son-dakika"],"jetpack_featured_media_url":"https:\/\/yerelses.com.tr\/wp-content\/uploads\/2024\/10\/Adsiz-tasarim-5.png","jetpack_sharing_enabled":true,"_links":{"self":[{"href":"https:\/\/yerelses.com.tr\/index.php?rest_route=\/wp\/v2\/posts\/1006","targetHints":{"allow":["GET"]}}],"collection":[{"href":"https:\/\/yerelses.com.tr\/index.php?rest_route=\/wp\/v2\/posts"}],"about":[{"href":"https:\/\/yerelses.com.tr\/index.php?rest_route=\/wp\/v2\/types\/post"}],"author":[{"embeddable":true,"href":"https:\/\/yerelses.com.tr\/index.php?rest_route=\/wp\/v2\/users\/1"}],"replies":[{"embeddable":true,"href":"https:\/\/yerelses.com.tr\/index.php?rest_route=%2Fwp%2Fv2%2Fcomments&post=1006"}],"version-history":[{"count":1,"href":"https:\/\/yerelses.com.tr\/index.php?rest_route=\/wp\/v2\/posts\/1006\/revisions"}],"predecessor-version":[{"id":1010,"href":"https:\/\/yerelses.com.tr\/index.php?rest_route=\/wp\/v2\/posts\/1006\/revisions\/1010"}],"wp:featuredmedia":[{"embeddable":true,"href":"https:\/\/yerelses.com.tr\/index.php?rest_route=\/wp\/v2\/media\/1007"}],"wp:attachment":[{"href":"https:\/\/yerelses.com.tr\/index.php?rest_route=%2Fwp%2Fv2%2Fmedia&parent=1006"}],"wp:term":[{"taxonomy":"category","embeddable":true,"href":"https:\/\/yerelses.com.tr\/index.php?rest_route=%2Fwp%2Fv2%2Fcategories&post=1006"},{"taxonomy":"post_tag","embeddable":true,"href":"https:\/\/yerelses.com.tr\/index.php?rest_route=%2Fwp%2Fv2%2Ftags&post=1006"}],"curies":[{"name":"wp","href":"https:\/\/api.w.org\/{rel}","templated":true}]}}